{"id":16649,"global_id":"kladower-forum.de?id=16649","global_id_lineage":["kladower-forum.de?id=16649"],"author":"8","status":"publish","date":"2026-01-12 18:14:55","date_utc":"2026-01-12 17:14:55","modified":"2026-01-12 18:18:00","modified_utc":"2026-01-12 17:18:00","url":"https:\/\/kladower-forum.de\/?tribe_events=kladower-konzerte-klassik-caspar-joerns-piano-taenze-in-der-barockmusik","rest_url":"https:\/\/kladower-forum.de\/index.php?rest_route=\/tribe\/events\/v1\/events\/16649","title":"kladower konzerte | klassik | Caspar J\u00f6rns (Piano) | T\u00e4nze in der Barockmusik","description":"<p><img loading=\"lazy\" decoding=\"async\" class=\"alignnone wp-image-16648\" src=\"https:\/\/kladower-forum.de\/wp-content\/uploads\/2026\/01\/2026-02-15-Caspar-Joerns-1-300x245.png\" alt=\"\" width=\"536\" height=\"438\" srcset=\"https:\/\/kladower-forum.de\/wp-content\/uploads\/2026\/01\/2026-02-15-Caspar-Joerns-1-300x245.png 300w, https:\/\/kladower-forum.de\/wp-content\/uploads\/2026\/01\/2026-02-15-Caspar-Joerns-1-100x82.png 100w, https:\/\/kladower-forum.de\/wp-content\/uploads\/2026\/01\/2026-02-15-Caspar-Joerns-1.png 380w\" sizes=\"auto, (max-width: 536px) 100vw, 536px\" \/><\/p>\n<p>Ein gleicherma\u00dfen unterhaltsamer wie \u201ebildender\u201c Abend mit Caspar J\u00f6rns<\/p>\n<p>Allemande, Courante, Sarabande, Gigue? T\u00e4nze, die im Barock noch \u00e4u\u00dferst popul\u00e4r waren, sind heute gr\u00f6\u00dftenteils unbekannt. In der Musik haben diese T\u00e4nze die Zeit \u00fcberdauert und sind auch heute noch Teil der Auff\u00fchrungspraxis des Konzertlebens. Grund genug, uns auf eine Reise durch Europas zu begeben und die bekannten und unbekannten T\u00e4nze und ihre Vertonungen in der Klaviermusik zu entdecken.<\/p>\n<p>Caspar J\u00f6rns hat uns bereits im November 2024 im Kladower Forum die Geschichte vom \u201eKleinen Prinzen\u201c literarisch und musikalisch n\u00e4hergebracht. Wir sind gespannt, was ihm diesmal zum Thema \u201eT\u00e4nze in der Barockmusik\u201c einf\u00e4llt\u2026<\/p>\n<p>Wir freuen uns auf den <strong>15.Februar 2026 um 17:00 in Haus des Kladower Forums<br \/>\n<\/strong>(Berlin, Kladower Damm 387)<\/p>\n<p><img loading=\"lazy\" decoding=\"async\" class=\"alignnone wp-image-16647\" src=\"https:\/\/kladower-forum.de\/wp-content\/uploads\/2026\/01\/2026-02-15-Caspar-Joerns-2-300x168.png\" alt=\"\" width=\"534\" height=\"299\" srcset=\"https:\/\/kladower-forum.de\/wp-content\/uploads\/2026\/01\/2026-02-15-Caspar-Joerns-2-300x168.png 300w, https:\/\/kladower-forum.de\/wp-content\/uploads\/2026\/01\/2026-02-15-Caspar-Joerns-2-100x56.png 100w, https:\/\/kladower-forum.de\/wp-content\/uploads\/2026\/01\/2026-02-15-Caspar-Joerns-2.png 448w\" sizes=\"auto, (max-width: 534px) 100vw, 534px\" \/><\/p>","excerpt":"","slug":"kladower-konzerte-klassik-caspar-joerns-piano-taenze-in-der-barockmusik","image":{"url":"https:\/\/kladower-forum.de\/wp-content\/uploads\/2026\/01\/2026-02-15-Caspar-Joerns-3.png","id":16651,"extension":"png","width":380,"height":221,"filesize":160293,"sizes":{"medium":{"width":300,"height":174,"mime-type":"image\/png","filesize":40078,"url":"https:\/\/kladower-forum.de\/wp-content\/uploads\/2026\/01\/2026-02-15-Caspar-Joerns-3-300x174.png"},"thumbnail":{"width":150,"height":150,"mime-type":"image\/png","filesize":36687,"url":"https:\/\/kladower-forum.de\/wp-content\/uploads\/2026\/01\/2026-02-15-Caspar-Joerns-3-150x150.png"},"RoboGalleryPreload":{"width":100,"height":58,"mime-type":"image\/png","filesize":5927,"url":"https:\/\/kladower-forum.de\/wp-content\/uploads\/2026\/01\/2026-02-15-Caspar-Joerns-3-100x58.png"}}},"all_day":false,"start_date":"2026-02-15 17:00:00","start_date_details":{"year":"2026","month":"02","day":"15","hour":"17","minutes":"00","seconds":"00"},"end_date":"2026-02-15 17:00:00","end_date_details":{"year":"2026","month":"02","day":"15","hour":"17","minutes":"00","seconds":"00"},"utc_start_date":"2026-02-15 16:00:00","utc_start_date_details":{"year":"2026","month":"02","day":"15","hour":"16","minutes":"00","seconds":"00"},"utc_end_date":"2026-02-15 16:00:00","utc_end_date_details":{"year":"2026","month":"02","day":"15","hour":"16","minutes":"00","seconds":"00"},"timezone":"Europe\/Berlin","timezone_abbr":"CET","cost":"","cost_details":{"currency_symbol":"\u20ac","currency_code":"USD","currency_position":"suffix","values":[]},"website":"","show_map":false,"show_map_link":true,"hide_from_listings":false,"sticky":false,"featured":false,"categories":[{"name":"Kladower Forum","slug":"intern","term_group":0,"term_taxonomy_id":45,"taxonomy":"tribe_events_cat","description":"","parent":0,"count":169,"filter":"raw","id":45,"urls":{"self":"https:\/\/kladower-forum.de\/index.php?rest_route=\/tribe\/events\/v1\/categories\/45","collection":"https:\/\/kladower-forum.de\/index.php?rest_route=\/tribe\/events\/v1\/categories"}},{"name":"Werkstatt Musik","slug":"werkstatt-musik","term_group":0,"term_taxonomy_id":42,"taxonomy":"tribe_events_cat","description":"","parent":45,"count":80,"filter":"raw","id":42,"urls":{"self":"https:\/\/kladower-forum.de\/index.php?rest_route=\/tribe\/events\/v1\/categories\/42","collection":"https:\/\/kladower-forum.de\/index.php?rest_route=\/tribe\/events\/v1\/categories","up":"https:\/\/kladower-forum.de\/index.php?rest_route=\/tribe\/events\/v1\/categories\/45"}}],"tags":[],"venue":[],"organizer":[],"custom_fields":[],"json_ld":{"@context":"http:\/\/schema.org","@type":"Event","name":"kladower konzerte | klassik | Caspar J\u00f6rns (Piano) | T\u00e4nze in der Barockmusik","description":"&lt;p&gt;Ein gleicherma\u00dfen unterhaltsamer wie \u201ebildender\u201c Abend mit Caspar J\u00f6rns Allemande, Courante, Sarabande, Gigue? T\u00e4nze, die im Barock noch \u00e4u\u00dferst popul\u00e4r waren, sind heute gr\u00f6\u00dftenteils unbekannt. In der Musik haben diese [&hellip;]&lt;\/p&gt;\\n","image":"https:\/\/kladower-forum.de\/wp-content\/uploads\/2026\/01\/2026-02-15-Caspar-Joerns-3.png","url":"https:\/\/kladower-forum.de\/?tribe_events=kladower-konzerte-klassik-caspar-joerns-piano-taenze-in-der-barockmusik","eventAttendanceMode":"https:\/\/schema.org\/OfflineEventAttendanceMode","eventStatus":"https:\/\/schema.org\/EventScheduled","startDate":"2026-02-15T17:00:00+01:00","endDate":"2026-02-15T17:00:00+01:00","performer":"Organization"}}