{"id":17029,"global_id":"kladower-forum.de?id=17029","global_id_lineage":["kladower-forum.de?id=17029"],"author":"8","status":"publish","date":"2026-03-14 13:38:25","date_utc":"2026-03-14 12:38:25","modified":"2026-03-24 14:28:39","modified_utc":"2026-03-24 13:28:39","url":"https:\/\/kladower-forum.de\/?tribe_events=gartenforum-fledermaeuse-igel-und-anderes-getier-vortrag-im-haus-kladower-forum","rest_url":"https:\/\/kladower-forum.de\/index.php?rest_route=\/tribe\/events\/v1\/events\/17029","title":"ABGESAGT: Gartenforum | Flederm\u00e4use, Igel und anderes Getier | Vortrag im Haus Kladower Forum","description":"<p><img loading=\"lazy\" decoding=\"async\" class=\"alignnone  wp-image-17071\" src=\"https:\/\/kladower-forum.de\/wp-content\/uploads\/2026\/03\/VA-Gartenforum-140806-nabu-fransenfledermaus-original_EGrimmberger-1-300x201.jpg\" alt=\"\" width=\"688\" height=\"461\" srcset=\"https:\/\/kladower-forum.de\/wp-content\/uploads\/2026\/03\/VA-Gartenforum-140806-nabu-fransenfledermaus-original_EGrimmberger-1-300x201.jpg 300w, https:\/\/kladower-forum.de\/wp-content\/uploads\/2026\/03\/VA-Gartenforum-140806-nabu-fransenfledermaus-original_EGrimmberger-1-1024x686.jpg 1024w, https:\/\/kladower-forum.de\/wp-content\/uploads\/2026\/03\/VA-Gartenforum-140806-nabu-fransenfledermaus-original_EGrimmberger-1-768x514.jpg 768w, https:\/\/kladower-forum.de\/wp-content\/uploads\/2026\/03\/VA-Gartenforum-140806-nabu-fransenfledermaus-original_EGrimmberger-1-100x67.jpg 100w, https:\/\/kladower-forum.de\/wp-content\/uploads\/2026\/03\/VA-Gartenforum-140806-nabu-fransenfledermaus-original_EGrimmberger-1.jpg 1280w\" sizes=\"auto, (max-width: 688px) 100vw, 688px\" \/><\/p>\n<p>Flederm\u00e4use sind streng gesch\u00fctzte n\u00fctzliche Tiere, die durch Lebensraumverlust und Insektensterben stark bedroht sind. Christine Kuhnert, ehrenamtliche Leiterin vom NABU Berlin, Bezirksgruppe Spandau, erkl\u00e4rt, was wir tun k\u00f6nnen, damit die Best\u00e4nde nicht noch weiter zur\u00fcck gehen.<\/p>\n<p>Vortrag mit Diskussion bis ca. 19.00 h, danach Spaziergang zur Imchenallee um die Flederm\u00e4use zu beobachten.<\/p>\n<p>Gegen eine Unkostenerstattung von 10.- \u20ac k\u00f6nnen fertige Fledermausk\u00e4sten erworben werden.<\/p>\n<p><strong>ABGESAGT!<br \/>\n<\/strong><strong>(Freitag, 27. M\u00e4rz um 18.00 (!) Uhr im Haus Kladower Forum, Kladower Damm 387, 14089 Berlin)<\/strong><\/p>\n<p>&nbsp;<\/p>\n<p><img loading=\"lazy\" decoding=\"async\" class=\"alignnone wp-image-17031\" src=\"https:\/\/kladower-forum.de\/wp-content\/uploads\/2026\/03\/VA-Gartenforum-Grosses-Mausohr_Y5A5800-217x300.jpeg\" alt=\"\" width=\"485\" height=\"671\" srcset=\"https:\/\/kladower-forum.de\/wp-content\/uploads\/2026\/03\/VA-Gartenforum-Grosses-Mausohr_Y5A5800-217x300.jpeg 217w, https:\/\/kladower-forum.de\/wp-content\/uploads\/2026\/03\/VA-Gartenforum-Grosses-Mausohr_Y5A5800-740x1024.jpeg 740w, https:\/\/kladower-forum.de\/wp-content\/uploads\/2026\/03\/VA-Gartenforum-Grosses-Mausohr_Y5A5800-768x1063.jpeg 768w, https:\/\/kladower-forum.de\/wp-content\/uploads\/2026\/03\/VA-Gartenforum-Grosses-Mausohr_Y5A5800-100x138.jpeg 100w, https:\/\/kladower-forum.de\/wp-content\/uploads\/2026\/03\/VA-Gartenforum-Grosses-Mausohr_Y5A5800.jpeg 925w\" sizes=\"auto, (max-width: 485px) 100vw, 485px\" \/><\/p>\n<p><span class=\"\" style=\"color: #000000;\">Gro\u00dfes Mausohr Fotograf G. Bodewitz<\/span><\/p>","excerpt":"","slug":"gartenforum-fledermaeuse-igel-und-anderes-getier-vortrag-im-haus-kladower-forum","image":{"url":"https:\/\/kladower-forum.de\/wp-content\/uploads\/2026\/03\/VA-Gartenforum-140806-nabu-fransenfledermaus-original_EGrimmberger-1.jpg","id":17071,"extension":"jpg","width":1280,"height":857,"filesize":332979,"sizes":{"medium":{"width":300,"height":201,"mime-type":"image\/jpeg","filesize":22550,"url":"https:\/\/kladower-forum.de\/wp-content\/uploads\/2026\/03\/VA-Gartenforum-140806-nabu-fransenfledermaus-original_EGrimmberger-1-300x201.jpg"},"large":{"width":1024,"height":686,"mime-type":"image\/jpeg","filesize":136897,"url":"https:\/\/kladower-forum.de\/wp-content\/uploads\/2026\/03\/VA-Gartenforum-140806-nabu-fransenfledermaus-original_EGrimmberger-1-1024x686.jpg"},"thumbnail":{"width":150,"height":150,"mime-type":"image\/jpeg","filesize":13768,"url":"https:\/\/kladower-forum.de\/wp-content\/uploads\/2026\/03\/VA-Gartenforum-140806-nabu-fransenfledermaus-original_EGrimmberger-1-150x150.jpg"},"medium_large":{"width":768,"height":514,"mime-type":"image\/jpeg","filesize":86782,"url":"https:\/\/kladower-forum.de\/wp-content\/uploads\/2026\/03\/VA-Gartenforum-140806-nabu-fransenfledermaus-original_EGrimmberger-1-768x514.jpg"},"RoboGalleryMansoryImagesCenter":{"width":600,"height":857,"mime-type":"image\/jpeg","filesize":133271,"url":"https:\/\/kladower-forum.de\/wp-content\/uploads\/2026\/03\/VA-Gartenforum-140806-nabu-fransenfledermaus-original_EGrimmberger-1-600x857.jpg"},"RoboGalleryPreload":{"width":100,"height":67,"mime-type":"image\/jpeg","filesize":9465,"url":"https:\/\/kladower-forum.de\/wp-content\/uploads\/2026\/03\/VA-Gartenforum-140806-nabu-fransenfledermaus-original_EGrimmberger-1-100x67.jpg"}}},"all_day":false,"start_date":"2026-03-27 18:00:00","start_date_details":{"year":"2026","month":"03","day":"27","hour":"18","minutes":"00","seconds":"00"},"end_date":"2026-03-27 18:00:00","end_date_details":{"year":"2026","month":"03","day":"27","hour":"18","minutes":"00","seconds":"00"},"utc_start_date":"2026-03-27 17:00:00","utc_start_date_details":{"year":"2026","month":"03","day":"27","hour":"17","minutes":"00","seconds":"00"},"utc_end_date":"2026-03-27 17:00:00","utc_end_date_details":{"year":"2026","month":"03","day":"27","hour":"17","minutes":"00","seconds":"00"},"timezone":"Europe\/Berlin","timezone_abbr":"CET","cost":"","cost_details":{"currency_symbol":"\u20ac","currency_code":"USD","currency_position":"suffix","values":[]},"website":"","show_map":false,"show_map_link":true,"hide_from_listings":false,"sticky":false,"featured":false,"categories":[{"name":"Garten","slug":"garten-intern","term_group":0,"term_taxonomy_id":370,"taxonomy":"tribe_events_cat","description":"","parent":45,"count":10,"filter":"raw","id":370,"urls":{"self":"https:\/\/kladower-forum.de\/index.php?rest_route=\/tribe\/events\/v1\/categories\/370","collection":"https:\/\/kladower-forum.de\/index.php?rest_route=\/tribe\/events\/v1\/categories","up":"https:\/\/kladower-forum.de\/index.php?rest_route=\/tribe\/events\/v1\/categories\/45"}},{"name":"Gartenforum","slug":"gartenforum","term_group":0,"term_taxonomy_id":391,"taxonomy":"tribe_events_cat","description":"","parent":45,"count":1,"filter":"raw","id":391,"urls":{"self":"https:\/\/kladower-forum.de\/index.php?rest_route=\/tribe\/events\/v1\/categories\/391","collection":"https:\/\/kladower-forum.de\/index.php?rest_route=\/tribe\/events\/v1\/categories","up":"https:\/\/kladower-forum.de\/index.php?rest_route=\/tribe\/events\/v1\/categories\/45"}},{"name":"Kladower Forum","slug":"intern","term_group":0,"term_taxonomy_id":45,"taxonomy":"tribe_events_cat","description":"","parent":0,"count":169,"filter":"raw","id":45,"urls":{"self":"https:\/\/kladower-forum.de\/index.php?rest_route=\/tribe\/events\/v1\/categories\/45","collection":"https:\/\/kladower-forum.de\/index.php?rest_route=\/tribe\/events\/v1\/categories"}}],"tags":[],"venue":[],"organizer":[],"custom_fields":[],"json_ld":{"@context":"http:\/\/schema.org","@type":"Event","name":"ABGESAGT: Gartenforum | Flederm\u00e4use, Igel und anderes Getier | Vortrag im Haus Kladower Forum","description":"&lt;p&gt;Flederm\u00e4use sind streng gesch\u00fctzte n\u00fctzliche Tiere, die durch Lebensraumverlust und Insektensterben stark bedroht sind. Christine Kuhnert, ehrenamtliche Leiterin vom NABU Berlin, Bezirksgruppe Spandau, erkl\u00e4rt, was wir tun k\u00f6nnen, damit die [&hellip;]&lt;\/p&gt;\\n","image":"https:\/\/kladower-forum.de\/wp-content\/uploads\/2026\/03\/VA-Gartenforum-140806-nabu-fransenfledermaus-original_EGrimmberger-1.jpg","url":"https:\/\/kladower-forum.de\/?tribe_events=gartenforum-fledermaeuse-igel-und-anderes-getier-vortrag-im-haus-kladower-forum","eventAttendanceMode":"https:\/\/schema.org\/OfflineEventAttendanceMode","eventStatus":"https:\/\/schema.org\/EventScheduled","startDate":"2026-03-27T18:00:00+01:00","endDate":"2026-03-27T18:00:00+01:00","performer":"Organization"}}