{"id":12819,"date":"2024-11-17T16:52:33","date_gmt":"2024-11-17T15:52:33","guid":{"rendered":"https:\/\/kladower-forum.de\/?p=12819"},"modified":"2026-04-16T10:14:29","modified_gmt":"2026-04-16T08:14:29","slug":"filme-und-videos-ueber-kladow-und-den-verein","status":"publish","type":"post","link":"https:\/\/kladower-forum.de\/?p=12819","title":{"rendered":"Filme und Videos \u00fcber Kladow und den Verein"},"content":{"rendered":"\n<p><strong><a href=\"https:\/\/kladower-forum.de\/wp-content\/uploads\/2026\/04\/Grenzenlos_YouTube.mp4\">Grenzenlos &#8211; Kladow und Gro\u00df Glienicke<\/a><\/strong><br>Fr\u00fcher durch die Mauer getrennt &#8211; jetzt w\u00e4chst vieles zusammen<\/p>\n\n\n\n<figure class=\"wp-block-image size-large\"><a href=\"https:\/\/kladower-forum.de\/wp-content\/uploads\/2026\/04\/Grenzenlos_YouTube.mp4\" target=\"_blank\" rel=\" noreferrer noopener\"><img loading=\"lazy\" decoding=\"async\" width=\"1024\" height=\"530\" src=\"https:\/\/kladower-forum.de\/wp-content\/uploads\/2026\/04\/2026-04-14-Grenzenlos-1024x530.png\" alt=\"\" class=\"wp-image-17152\" srcset=\"https:\/\/kladower-forum.de\/wp-content\/uploads\/2026\/04\/2026-04-14-Grenzenlos-1024x530.png 1024w, https:\/\/kladower-forum.de\/wp-content\/uploads\/2026\/04\/2026-04-14-Grenzenlos-300x155.png 300w, https:\/\/kladower-forum.de\/wp-content\/uploads\/2026\/04\/2026-04-14-Grenzenlos-768x397.png 768w, https:\/\/kladower-forum.de\/wp-content\/uploads\/2026\/04\/2026-04-14-Grenzenlos-100x52.png 100w, https:\/\/kladower-forum.de\/wp-content\/uploads\/2026\/04\/2026-04-14-Grenzenlos.png 1486w\" sizes=\"auto, (max-width: 1024px) 100vw, 1024px\" \/><\/a><\/figure>\n\n\n\n<hr class=\"wp-block-separator has-alpha-channel-opacity\"\/>\n\n\n\n<p><strong><a href=\"https:\/\/youtu.be\/rbsxNxW7YTQ?si=CH9-tT75T7FgMZge\" target=\"_blank\" rel=\"noreferrer noopener\"><br>Kladow f\u00fcr Einsteiger &#8211; Ein Film von Peter Gurlt<\/a><br><\/strong><br><a href=\"https:\/\/youtu.be\/rbsxNxW7YTQ?si=CH9-tT75T7FgMZge\" target=\"_blank\" rel=\"noopener\"><img loading=\"lazy\" decoding=\"async\" class=\"alignnone wp-image-12827\" src=\"https:\/\/kladower-forum.de\/wp-content\/uploads\/2024\/11\/Gutshaus-von-Norden-300x159.jpg\" alt=\"\" width=\"867\" height=\"460\" srcset=\"https:\/\/kladower-forum.de\/wp-content\/uploads\/2024\/11\/Gutshaus-von-Norden-300x159.jpg 300w, https:\/\/kladower-forum.de\/wp-content\/uploads\/2024\/11\/Gutshaus-von-Norden-768x406.jpg 768w\" sizes=\"auto, (max-width: 867px) 100vw, 867px\" \/><\/a><\/p>\n\n\n\n<hr class=\"wp-block-separator has-alpha-channel-opacity\"\/>\n\n\n\n<p class=\"style-scope ytd-watch-metadata\"><a href=\"https:\/\/www.youtube.com\/watch?v=Fx0mapLJqnw\" target=\"_blank\" rel=\"noopener\"><strong>Sehenswert! \/\/ Kladow (Teil 1) (tvberlin)<\/strong><\/a><br>Geographisches, Historisches, Kladower Lebensgef\u00fchl mit Dr. Rainer Nitsch (langj\u00e4hriger Vorsitzender de Vereins Kladower Forum e.V.)<\/p>\n\n\n\n<figure class=\"wp-block-embed is-type-video is-provider-youtube wp-block-embed-youtube wp-embed-aspect-16-9 wp-has-aspect-ratio\"><div class=\"wp-block-embed__wrapper\">\n<iframe loading=\"lazy\" title=\"Sehenswert! \/\/ Kladow (Teil 1)\" width=\"500\" height=\"281\" src=\"https:\/\/www.youtube.com\/embed\/Fx0mapLJqnw?feature=oembed\" frameborder=\"0\" allow=\"accelerometer; autoplay; clipboard-write; encrypted-media; gyroscope; picture-in-picture; web-share\" referrerpolicy=\"strict-origin-when-cross-origin\" allowfullscreen><\/iframe>\n<\/div><\/figure>\n\n\n\n<p><a href=\"https:\/\/www.youtube.com\/watch?v=5vx2UPFTsAE\" target=\"_blank\" rel=\"noopener\"><strong>Sehenswert! \/\/ Kladow (Teil 2) (tvberlin)<\/strong><\/a><strong><br><\/strong>Geschichte der Kladower Villen und des Hauses Kladower Forum<strong><br><\/strong><\/p>\n\n\n\n<figure class=\"wp-block-embed is-type-video is-provider-youtube wp-block-embed-youtube wp-embed-aspect-16-9 wp-has-aspect-ratio\"><div class=\"wp-block-embed__wrapper\">\n<iframe loading=\"lazy\" title=\"Sehenswert! \/\/ Kladow (Teil 2)\" width=\"500\" height=\"281\" src=\"https:\/\/www.youtube.com\/embed\/5vx2UPFTsAE?feature=oembed\" frameborder=\"0\" allow=\"accelerometer; autoplay; clipboard-write; encrypted-media; gyroscope; picture-in-picture; web-share\" referrerpolicy=\"strict-origin-when-cross-origin\" allowfullscreen><\/iframe>\n<\/div><\/figure>\n\n\n\n<p><a href=\"https:\/\/www.youtube.com\/watch?v=oxqsllqGCZU\" target=\"_blank\" rel=\"noopener\"><strong>Sehenswert! \/\/ Kladow (Teil 3) (tvberlin)<\/strong><\/a><br>Gutspark Neukladow<\/p>\n\n\n\n<figure class=\"wp-block-embed is-type-video is-provider-youtube wp-block-embed-youtube wp-embed-aspect-16-9 wp-has-aspect-ratio\"><div class=\"wp-block-embed__wrapper\">\n<iframe loading=\"lazy\" title=\"Sehenswert! \/\/ Kladow (Teil 3)\" width=\"500\" height=\"281\" src=\"https:\/\/www.youtube.com\/embed\/oxqsllqGCZU?feature=oembed\" frameborder=\"0\" allow=\"accelerometer; autoplay; clipboard-write; encrypted-media; gyroscope; picture-in-picture; web-share\" referrerpolicy=\"strict-origin-when-cross-origin\" allowfullscreen><\/iframe>\n<\/div><\/figure>\n\n\n\n<hr class=\"wp-block-separator has-alpha-channel-opacity\"\/>\n\n\n\n<p><a href=\"https:\/\/kladower-forum.de\/wp-content\/uploads\/2024\/11\/rbbHeiJo-Imchen-Combo-18082018.mp4\" target=\"_blank\" rel=\"noopener\"><strong>rbb Heimatjournal \u00fcber das Imchen und seine Nachbarn<\/strong><\/a><\/p>\n\n\n\n<figure class=\"wp-block-image is-resized\"><a href=\"https:\/\/kladower-forum.de\/wp-content\/uploads\/2024\/11\/rbbHeiJo-Imchen-Combo-18082018.mp4\" target=\"_blank\" rel=\"noopener\"><img loading=\"lazy\" decoding=\"async\" width=\"300\" height=\"169\" src=\"https:\/\/kladower-forum.de\/wp-content\/uploads\/2024\/11\/vlcsnap-2024-11-17-18h09m34s019-300x169.png\" alt=\"\" class=\"wp-image-12843\" style=\"width:511px;height:auto\" srcset=\"https:\/\/kladower-forum.de\/wp-content\/uploads\/2024\/11\/vlcsnap-2024-11-17-18h09m34s019-300x169.png 300w, https:\/\/kladower-forum.de\/wp-content\/uploads\/2024\/11\/vlcsnap-2024-11-17-18h09m34s019-768x432.png 768w, https:\/\/kladower-forum.de\/wp-content\/uploads\/2024\/11\/vlcsnap-2024-11-17-18h09m34s019.png 960w\" sizes=\"auto, (max-width: 300px) 100vw, 300px\" \/><\/a><\/figure>\n\n\n\n<hr class=\"wp-block-separator has-alpha-channel-opacity\"\/>\n\n\n\n<div class=\"wp-block-columns is-layout-flex wp-container-core-columns-is-layout-28f84493 wp-block-columns-is-layout-flex\">\n<div class=\"wp-block-column is-layout-flow wp-block-column-is-layout-flow\">\n<p><strong><a href=\"https:\/\/www.youtube.com\/watch?v=5j_rwWKJeYw&amp;list=PLeU8plMFfwXdcR4-ZSmQ-bWJ2p9AiNC5T\" target=\"_blank\" rel=\"noreferrer noopener\">Mauer-Gedenkst\u00e4tte Gro\u00df Glienicke (1\/4)<\/a><\/strong><\/p>\n\n\n\n<figure class=\"wp-block-image size-large\"><a href=\"https:\/\/www.youtube.com\/watch?v=5j_rwWKJeYw&amp;list=PLeU8plMFfwXdcR4-ZSmQ-bWJ2p9AiNC5T&amp;index=1\" target=\"_blank\" rel=\" noreferrer noopener\"><img loading=\"lazy\" decoding=\"async\" width=\"1024\" height=\"577\" src=\"https:\/\/kladower-forum.de\/wp-content\/uploads\/2026\/04\/2026-04-15-Herrenhaus-Gross-Glienicke-1024x577.png\" alt=\"\" class=\"wp-image-17165\" srcset=\"https:\/\/kladower-forum.de\/wp-content\/uploads\/2026\/04\/2026-04-15-Herrenhaus-Gross-Glienicke-1024x577.png 1024w, https:\/\/kladower-forum.de\/wp-content\/uploads\/2026\/04\/2026-04-15-Herrenhaus-Gross-Glienicke-300x169.png 300w, https:\/\/kladower-forum.de\/wp-content\/uploads\/2026\/04\/2026-04-15-Herrenhaus-Gross-Glienicke-768x433.png 768w, https:\/\/kladower-forum.de\/wp-content\/uploads\/2026\/04\/2026-04-15-Herrenhaus-Gross-Glienicke-100x56.png 100w, https:\/\/kladower-forum.de\/wp-content\/uploads\/2026\/04\/2026-04-15-Herrenhaus-Gross-Glienicke-1536x866.png 1536w, https:\/\/kladower-forum.de\/wp-content\/uploads\/2026\/04\/2026-04-15-Herrenhaus-Gross-Glienicke.png 1596w\" sizes=\"auto, (max-width: 1024px) 100vw, 1024px\" \/><\/a><\/figure>\n<\/div>\n\n\n\n<div class=\"wp-block-column is-layout-flow wp-block-column-is-layout-flow\">\n<p><strong><a href=\"https:\/\/www.youtube.com\/watch?v=Sdk-wLJB4JI&amp;list=PLeU8plMFfwXdcR4-ZSmQ-bWJ2p9AiNC5T&amp;t=14s\" target=\"_blank\" rel=\"noreferrer noopener\">Mauer-Gedenkst\u00e4tte Gro\u00df Glienicke (2\/4)<\/a><\/strong><\/p>\n\n\n\n<figure class=\"wp-block-image size-large\"><a href=\"https:\/\/www.youtube.com\/watch?v=Sdk-wLJB4JI&amp;list=PLeU8plMFfwXdcR4-ZSmQ-bWJ2p9AiNC5T&amp;t=14s\" target=\"_blank\" rel=\" noreferrer noopener\"><img loading=\"lazy\" decoding=\"async\" width=\"1024\" height=\"575\" src=\"https:\/\/kladower-forum.de\/wp-content\/uploads\/2026\/04\/2026-04-15-Gut-Gross-Glienicke-2-1024x575.png\" alt=\"\" class=\"wp-image-17171\" srcset=\"https:\/\/kladower-forum.de\/wp-content\/uploads\/2026\/04\/2026-04-15-Gut-Gross-Glienicke-2-1024x575.png 1024w, https:\/\/kladower-forum.de\/wp-content\/uploads\/2026\/04\/2026-04-15-Gut-Gross-Glienicke-2-300x168.png 300w, https:\/\/kladower-forum.de\/wp-content\/uploads\/2026\/04\/2026-04-15-Gut-Gross-Glienicke-2-768x431.png 768w, https:\/\/kladower-forum.de\/wp-content\/uploads\/2026\/04\/2026-04-15-Gut-Gross-Glienicke-2-100x56.png 100w, https:\/\/kladower-forum.de\/wp-content\/uploads\/2026\/04\/2026-04-15-Gut-Gross-Glienicke-2-1536x862.png 1536w, https:\/\/kladower-forum.de\/wp-content\/uploads\/2026\/04\/2026-04-15-Gut-Gross-Glienicke-2.png 1598w\" sizes=\"auto, (max-width: 1024px) 100vw, 1024px\" \/><\/a><\/figure>\n<\/div>\n<\/div>\n\n\n\n<div class=\"wp-block-columns is-layout-flex wp-container-core-columns-is-layout-28f84493 wp-block-columns-is-layout-flex\">\n<div class=\"wp-block-column is-layout-flow wp-block-column-is-layout-flow\">\n<p><strong><a href=\"https:\/\/www.youtube.com\/watch?v=SBqSuzHcvzg&amp;list=PLeU8plMFfwXdcR4-ZSmQ-bWJ2p9AiNC5T&amp;index=3\" target=\"_blank\" rel=\"noreferrer noopener\">Mauer-Gedenkst\u00e4tte Gro\u00df Glienicke (3\/4)<\/a><\/strong><\/p>\n\n\n\n<figure class=\"wp-block-image size-large\"><a href=\"https:\/\/www.youtube.com\/watch?v=SBqSuzHcvzg&amp;list=PLeU8plMFfwXdcR4-ZSmQ-bWJ2p9AiNC5T&amp;index=3\" target=\"_blank\" rel=\" noreferrer noopener\"><img loading=\"lazy\" decoding=\"async\" width=\"1024\" height=\"577\" src=\"https:\/\/kladower-forum.de\/wp-content\/uploads\/2026\/04\/2026-04-15-Mauer-2.-Gen-1024x577.png\" alt=\"\" class=\"wp-image-17174\" srcset=\"https:\/\/kladower-forum.de\/wp-content\/uploads\/2026\/04\/2026-04-15-Mauer-2.-Gen-1024x577.png 1024w, https:\/\/kladower-forum.de\/wp-content\/uploads\/2026\/04\/2026-04-15-Mauer-2.-Gen-300x169.png 300w, https:\/\/kladower-forum.de\/wp-content\/uploads\/2026\/04\/2026-04-15-Mauer-2.-Gen-768x433.png 768w, https:\/\/kladower-forum.de\/wp-content\/uploads\/2026\/04\/2026-04-15-Mauer-2.-Gen-100x56.png 100w, https:\/\/kladower-forum.de\/wp-content\/uploads\/2026\/04\/2026-04-15-Mauer-2.-Gen-1536x866.png 1536w, https:\/\/kladower-forum.de\/wp-content\/uploads\/2026\/04\/2026-04-15-Mauer-2.-Gen.png 1595w\" sizes=\"auto, (max-width: 1024px) 100vw, 1024px\" \/><\/a><\/figure>\n<\/div>\n\n\n\n<div class=\"wp-block-column is-layout-flow wp-block-column-is-layout-flow\">\n<p><strong><a href=\"https:\/\/www.youtube.com\/watch?v=YXenvHs5oos&amp;list=PLeU8plMFfwXdcR4-ZSmQ-bWJ2p9AiNC5T&amp;index=4\" target=\"_blank\" rel=\"noreferrer noopener\">Mauer-Gedenkst\u00e4tte Gro\u00df Glienicke (4\/4)<\/a><\/strong><\/p>\n\n\n\n<figure class=\"wp-block-image size-large\"><a href=\"https:\/\/www.youtube.com\/watch?v=YXenvHs5oos&amp;list=PLeU8plMFfwXdcR4-ZSmQ-bWJ2p9AiNC5T&amp;index=4\" target=\"_blank\" rel=\" noreferrer noopener\"><img loading=\"lazy\" decoding=\"async\" width=\"1024\" height=\"579\" src=\"https:\/\/kladower-forum.de\/wp-content\/uploads\/2026\/04\/2026-04-15-Maueroeffnung-1024x579.png\" alt=\"\" class=\"wp-image-17179\" srcset=\"https:\/\/kladower-forum.de\/wp-content\/uploads\/2026\/04\/2026-04-15-Maueroeffnung-1024x579.png 1024w, https:\/\/kladower-forum.de\/wp-content\/uploads\/2026\/04\/2026-04-15-Maueroeffnung-300x170.png 300w, https:\/\/kladower-forum.de\/wp-content\/uploads\/2026\/04\/2026-04-15-Maueroeffnung-768x434.png 768w, https:\/\/kladower-forum.de\/wp-content\/uploads\/2026\/04\/2026-04-15-Maueroeffnung-100x57.png 100w, https:\/\/kladower-forum.de\/wp-content\/uploads\/2026\/04\/2026-04-15-Maueroeffnung-1536x868.png 1536w, https:\/\/kladower-forum.de\/wp-content\/uploads\/2026\/04\/2026-04-15-Maueroeffnung.png 1584w\" sizes=\"auto, (max-width: 1024px) 100vw, 1024px\" \/><\/a><\/figure>\n<\/div>\n<\/div>\n\n\n\n<hr class=\"wp-block-separator has-alpha-channel-opacity\"\/>\n\n\n\n<p class=\"style-scope ytd-watch-metadata\"><a href=\"https:\/\/www.youtube.com\/watch?v=bIPNPiKYEgs\" target=\"_blank\" rel=\"noopener\"><strong>750 Jahre Kladow<\/strong><\/a><br>Spandau-TV Reiner-Sauff<\/p>\n\n\n\n<figure class=\"wp-block-embed is-type-video is-provider-youtube wp-block-embed-youtube wp-embed-aspect-16-9 wp-has-aspect-ratio\"><div class=\"wp-block-embed__wrapper\">\n<iframe loading=\"lazy\" title=\"750 Jahre  Kladow - Festakt im Rathaus Spandau\" width=\"500\" height=\"281\" src=\"https:\/\/www.youtube.com\/embed\/bIPNPiKYEgs?feature=oembed\" frameborder=\"0\" allow=\"accelerometer; autoplay; clipboard-write; encrypted-media; gyroscope; picture-in-picture; web-share\" referrerpolicy=\"strict-origin-when-cross-origin\" allowfullscreen><\/iframe>\n<\/div><\/figure>\n\n\n\n<hr class=\"wp-block-separator has-alpha-channel-opacity\"\/>\n\n\n\n<p><strong>Das Flugplatzfest auf dem ehemaligen Flugplatz Gatow in Kladow 2025:<br>Kladower Forum war dabei<\/strong><br>\r\n    <div>        \r\n    <video id=\"plyr69f1b47dac2e2\" controls class=\"easy-video-player\">\r\n       <source src=\"https:\/\/kladower-forum.de\/wp-content\/uploads\/2026\/03\/flugplatzfest-2025_kf_untertitel_final.mp4\" type=\"video\/mp4\" \/>\r\n    <\/video>\r\n    <\/div>    <script>\r\n        const evplayerplyr69f1b47dac2e2 = new Plyr(document.getElementById('plyr69f1b47dac2e2'));\r\n        evplayerplyr69f1b47dac2e2.ratio = '16:9';\r\n        evplayerplyr69f1b47dac2e2.iconUrl = 'https:\/\/kladower-forum.de\/wp-content\/plugins\/easy-video-player\/lib\/plyr.svg';\r\n        evplayerplyr69f1b47dac2e2.blankVideo = 'https:\/\/kladower-forum.de\/wp-content\/plugins\/easy-video-player\/lib\/blank.mp4';  \r\n    <\/script><\/p>\n\n\n\n<hr class=\"wp-block-separator has-alpha-channel-opacity\"\/>\n\n\n\n<p><strong>Die unglaubliche Geschichte des L\u00f6wenbrunnens:<br>Vom &#8222;Schloss Br\u00fcningslinden&#8220; ins Kladower Forum<\/strong><br>\r\n    <div>        \r\n    <video id=\"plyr69f1b47dac31b\" controls class=\"easy-video-player\">\r\n       <source src=\"https:\/\/kladower-forum.de\/wp-content\/uploads\/2024\/10\/Horst_Pessel_H264_b.mp4\" type=\"video\/mp4\" \/>\r\n    <\/video>\r\n    <\/div>    <script>\r\n        const evplayerplyr69f1b47dac31b = new Plyr(document.getElementById('plyr69f1b47dac31b'));\r\n        evplayerplyr69f1b47dac31b.ratio = '16:9';\r\n        evplayerplyr69f1b47dac31b.iconUrl = 'https:\/\/kladower-forum.de\/wp-content\/plugins\/easy-video-player\/lib\/plyr.svg';\r\n        evplayerplyr69f1b47dac31b.blankVideo = 'https:\/\/kladower-forum.de\/wp-content\/plugins\/easy-video-player\/lib\/blank.mp4';  \r\n    <\/script><br><strong>Ein Kladower-Forum-Film mit Horst Pessel<br>von Michael O. R\u00fcdiger und Marina Bartsch-R\u00fcdiger<\/strong><\/p>\n\n\n\n<hr class=\"wp-block-separator has-alpha-channel-opacity\"\/>\n\n\n\n<p><strong>Horst Pessel: Die rebellischen Kladower<\/strong><br><\/p>\n\n\n\n<figure class=\"wp-block-embed is-type-rich is-provider-spotify wp-block-embed-spotify wp-embed-aspect-21-9 wp-has-aspect-ratio\" style=\"margin-top:0;margin-right:0;margin-bottom:0;margin-left:0\"><div class=\"wp-block-embed__wrapper\">\n<iframe title=\"Spotify Embed: Horst Pessel: Die rebellischen Kladower\" style=\"border-radius: 12px\" width=\"100%\" height=\"152\" frameborder=\"0\" allowfullscreen allow=\"autoplay; clipboard-write; encrypted-media; fullscreen; picture-in-picture\" loading=\"lazy\" src=\"https:\/\/open.spotify.com\/embed\/episode\/6OXLRZYrxMkMFrFUXERJBl?si=2e02ce9e9f794e1d&amp;utm_source=oembed\"><\/iframe>\n<\/div><\/figure>\n\n\n\n<p style=\"margin-top:0;margin-bottom:0;padding-top:0;padding-bottom:0\">Horst Pessel, Jahrgang 1936 (&#8222;<strong>Ich bin ein Vorkriegsmodell<\/strong>&#8222;) erz\u00e4hlt neben pers\u00f6nlichen Abenteuern davon, wie Menschen mit Hartn\u00e4ckigkeit, Gemeinsinn und einer Portion Frechheit Grenzen versetzen. Sie gestalten damit nicht nur ihre Welt, sondern ma\u00dfgeblich auch die zuk\u00fcnftiger Generationen.<\/p>\n\n\n\n<p><strong>Ein H\u00f6rbeitrag der Podcastreihe &#8222;U-100&#8220; von Jamal Zamzam (17) und Oliver Schmidt (59). Foto: Sven Hasper.<\/strong><\/p>\n\n\n\n<p><em>Wie sind eigentlich die Menschen, die heute 80, 90 Jahre oder noch \u00e4lter sind, ihren Herausforderungen begegnet? Was erz\u00e4hlen uns ihre Geschichten heute?<\/em><br><em>Die Podcastreihe &#8222;U-100&#8220; sammelt die Erz\u00e4hlungen von Kladowerinnen und Kladowern, die etwas zu erz\u00e4hlen haben. Pers\u00f6nliches interessiert dabei ebenso wie Historisches.<\/em><\/p>\n\n\n\n<hr class=\"wp-block-separator has-alpha-channel-opacity\"\/>\n\n\n\n<figure class=\"wp-block-embed is-type-rich is-provider-spotify wp-block-embed-spotify wp-embed-aspect-21-9 wp-has-aspect-ratio\"><div class=\"wp-block-embed__wrapper\">\n<iframe title=\"Spotify Embed: Pamela Lammers: Da komme ich her\" style=\"border-radius: 12px\" width=\"100%\" height=\"152\" frameborder=\"0\" allowfullscreen allow=\"autoplay; clipboard-write; encrypted-media; fullscreen; picture-in-picture\" loading=\"lazy\" src=\"https:\/\/open.spotify.com\/embed\/episode\/00G0WVcIThKg46oRnt7FhS?si=b7QA0qUgQVqufCrinSJoCw&amp;nd=1&amp;dlsi=07cfa55c12c04df9&amp;utm_source=oembed\"><\/iframe>\n<\/div><\/figure>\n\n\n\n<figure class=\"wp-block-embed is-type-rich is-provider-spotify wp-block-embed-spotify wp-embed-aspect-21-9 wp-has-aspect-ratio\"><div class=\"wp-block-embed__wrapper\">\n<iframe title=\"Spotify Embed: Pamela Lammers: Die Alzheimerin\" style=\"border-radius: 12px\" width=\"100%\" height=\"152\" frameborder=\"0\" allowfullscreen allow=\"autoplay; clipboard-write; encrypted-media; fullscreen; picture-in-picture\" loading=\"lazy\" src=\"https:\/\/open.spotify.com\/embed\/episode\/0olENmtKvCfdSFRCSwLRD9?si=Cw-LlDCvT-a0wg5T6sBxTw&amp;nd=1&amp;dlsi=e1fead19f6ce4e67&amp;utm_source=oembed\"><\/iframe>\n<\/div><\/figure>\n\n\n\n<figure class=\"wp-block-embed is-type-rich is-provider-spotify wp-block-embed-spotify wp-embed-aspect-21-9 wp-has-aspect-ratio\"><div class=\"wp-block-embed__wrapper\">\n<iframe title=\"Spotify Embed: Siegrid Guyot: Die Drachenfl\u00fcgel\" style=\"border-radius: 12px\" width=\"100%\" height=\"152\" frameborder=\"0\" allowfullscreen allow=\"autoplay; clipboard-write; encrypted-media; fullscreen; picture-in-picture\" loading=\"lazy\" src=\"https:\/\/open.spotify.com\/embed\/episode\/7zLtHSGODr11MlhGmKRbue?si=f39b0dd4130f4101&amp;utm_source=oembed\"><\/iframe>\n<\/div><\/figure>\n\n\n\n<figure class=\"wp-block-embed is-type-rich is-provider-spotify wp-block-embed-spotify wp-embed-aspect-21-9 wp-has-aspect-ratio\" style=\"margin-top:0px;margin-bottom:0px\"><div class=\"wp-block-embed__wrapper\">\n<iframe title=\"Spotify Embed: J\u00f6rg Hartmann &amp; Oliver Jonas: Unser Christkindlmarkt - ein letztes Mal\" style=\"border-radius: 12px\" width=\"100%\" height=\"152\" frameborder=\"0\" allowfullscreen allow=\"autoplay; clipboard-write; encrypted-media; fullscreen; picture-in-picture\" loading=\"lazy\" src=\"https:\/\/open.spotify.com\/embed\/episode\/6kfyB2ZQcv5MJXTUcgZ8Co?si=10baaa37351b4fb4&amp;utm_source=oembed\"><\/iframe>\n<\/div><\/figure>\n\n\n\n<figure class=\"wp-block-embed is-type-rich is-provider-spotify wp-block-embed-spotify wp-embed-aspect-21-9 wp-has-aspect-ratio\"><div class=\"wp-block-embed__wrapper\">\n<iframe title=\"Spotify Embed: Uwe Irgang &amp; Marlon Otter: Sport, Freunde, Kladow und 4 Millionen D-Mark\" style=\"border-radius: 12px\" width=\"100%\" height=\"152\" frameborder=\"0\" allowfullscreen allow=\"autoplay; clipboard-write; encrypted-media; fullscreen; picture-in-picture\" loading=\"lazy\" src=\"https:\/\/open.spotify.com\/embed\/episode\/01YbtQAmHDzDKS0bVrzcBK?si=494a6dd8c434488f&amp;utm_source=oembed\"><\/iframe>\n<\/div><\/figure>\n\n\n\n<figure class=\"wp-block-embed is-type-rich is-provider-spotify wp-block-embed-spotify wp-embed-aspect-21-9 wp-has-aspect-ratio\"><div class=\"wp-block-embed__wrapper\">\n<iframe title=\"Spotify Embed: Christa Duha: Von Ufer zu Ufer\" style=\"border-radius: 12px\" width=\"100%\" height=\"152\" frameborder=\"0\" allowfullscreen allow=\"autoplay; clipboard-write; encrypted-media; fullscreen; picture-in-picture\" loading=\"lazy\" src=\"https:\/\/open.spotify.com\/embed\/episode\/1WwJUNe5PYCp82CCw86TEk?si=75e552ec85524a8f&amp;utm_source=oembed\"><\/iframe>\n<\/div><\/figure>\n\n\n\n<figure class=\"wp-block-embed is-type-rich is-provider-spotify wp-block-embed-spotify wp-embed-aspect-21-9 wp-has-aspect-ratio\"><div class=\"wp-block-embed__wrapper\">\n<iframe title=\"Spotify Embed: Gisela, Doris &amp; Irene: Heimat Breitehorn\" style=\"border-radius: 12px\" width=\"100%\" height=\"152\" frameborder=\"0\" allowfullscreen allow=\"autoplay; clipboard-write; encrypted-media; fullscreen; picture-in-picture\" loading=\"lazy\" src=\"https:\/\/open.spotify.com\/embed\/episode\/2w9zW2qHM5t3ckDcM8Ttwp?si=5b39cf6d63134c12&amp;utm_source=oembed\"><\/iframe>\n<\/div><\/figure>\n\n\n\n<figure class=\"wp-block-embed is-type-rich is-provider-spotify wp-block-embed-spotify wp-embed-aspect-21-9 wp-has-aspect-ratio\"><div class=\"wp-block-embed__wrapper\">\n<iframe title=\"Spotify Embed: Maria Jung: 30 Jahre Gemeinschaftskrankenhaus Havelh\u00f6he\" style=\"border-radius: 12px\" width=\"100%\" height=\"152\" frameborder=\"0\" allowfullscreen allow=\"autoplay; clipboard-write; encrypted-media; fullscreen; picture-in-picture\" loading=\"lazy\" src=\"https:\/\/open.spotify.com\/embed\/episode\/0JKxQR1iNSLYLQV8mxiDQj?si=34608cfafff544f4&amp;utm_source=oembed\"><\/iframe>\n<\/div><\/figure>\n\n\n\n<figure class=\"wp-block-embed is-type-rich is-provider-spotify wp-block-embed-spotify wp-embed-aspect-21-9 wp-has-aspect-ratio\"><div class=\"wp-block-embed__wrapper\">\n<iframe title=\"Spotify Embed: Ingrid Schlicht: Der letzte Dinosaurier\" style=\"border-radius: 12px\" width=\"100%\" height=\"152\" frameborder=\"0\" allowfullscreen allow=\"autoplay; clipboard-write; encrypted-media; fullscreen; picture-in-picture\" loading=\"lazy\" src=\"https:\/\/open.spotify.com\/embed\/episode\/3N9WlBuoW8s3LUmxQ7K5SO?si=687c273038b046ad&amp;utm_source=oembed\"><\/iframe>\n<\/div><\/figure>\n\n\n\n<figure class=\"wp-block-embed is-type-rich is-provider-spotify wp-block-embed-spotify wp-embed-aspect-21-9 wp-has-aspect-ratio\"><div class=\"wp-block-embed__wrapper\">\n<iframe title=\"Spotify Embed: Bernhard Neumann: I&amp;apos;m Bernie\" style=\"border-radius: 12px\" width=\"100%\" height=\"152\" frameborder=\"0\" allowfullscreen allow=\"autoplay; clipboard-write; encrypted-media; fullscreen; picture-in-picture\" loading=\"lazy\" src=\"https:\/\/open.spotify.com\/embed\/episode\/6p70ewhpRdPP1410epRIU3?si=2798b99d547343e5&amp;utm_source=oembed\"><\/iframe>\n<\/div><\/figure>\n\n\n\n<figure class=\"wp-block-embed is-type-rich is-provider-spotify wp-block-embed-spotify wp-embed-aspect-21-9 wp-has-aspect-ratio\"><div class=\"wp-block-embed__wrapper\">\n<iframe title=\"Spotify Embed: Klaus Wollschl\u00e4ger: Glatze mit Vorgarten\" style=\"border-radius: 12px\" width=\"100%\" height=\"152\" frameborder=\"0\" allowfullscreen allow=\"autoplay; clipboard-write; encrypted-media; fullscreen; picture-in-picture\" loading=\"lazy\" src=\"https:\/\/open.spotify.com\/embed\/episode\/7mBVa0RNDNbdSpqhdFVhwV?si=11741f18a6764181&amp;utm_source=oembed\"><\/iframe>\n<\/div><\/figure>\n\n\n\n<figure class=\"wp-block-embed is-type-rich is-provider-spotify wp-block-embed-spotify wp-embed-aspect-21-9 wp-has-aspect-ratio\"><div class=\"wp-block-embed__wrapper\">\n<iframe title=\"Spotify Embed: Bernhard Neumann: Die Bude\" style=\"border-radius: 12px\" width=\"100%\" height=\"152\" frameborder=\"0\" allowfullscreen allow=\"autoplay; clipboard-write; encrypted-media; fullscreen; picture-in-picture\" loading=\"lazy\" src=\"https:\/\/open.spotify.com\/embed\/episode\/4XpILPEGkPBIxFchPwRfCo?si=fe9f129e426a4741&amp;utm_source=oembed\"><\/iframe>\n<\/div><\/figure>\n\n\n\n<figure class=\"wp-block-embed is-type-rich is-provider-spotify wp-block-embed-spotify wp-embed-aspect-21-9 wp-has-aspect-ratio\"><div class=\"wp-block-embed__wrapper\">\n<iframe title=\"Spotify Embed: Ingeborg Gro\u00df: Eine Geschichtsstunde\" style=\"border-radius: 12px\" width=\"100%\" height=\"152\" frameborder=\"0\" allowfullscreen allow=\"autoplay; clipboard-write; encrypted-media; fullscreen; picture-in-picture\" loading=\"lazy\" src=\"https:\/\/open.spotify.com\/embed\/episode\/0AnB8AXkT1pzICey77lOQW?si=e9f4afcbdc3644f0&amp;utm_source=oembed\"><\/iframe>\n<\/div><\/figure>\n\n\n\n<figure class=\"wp-block-embed is-type-rich is-provider-spotify wp-block-embed-spotify wp-embed-aspect-21-9 wp-has-aspect-ratio\"><div class=\"wp-block-embed__wrapper\">\n<iframe title=\"Spotify Embed: Ingeborg Gro\u00df: Das Neue Leben (II)\" style=\"border-radius: 12px\" width=\"100%\" height=\"152\" frameborder=\"0\" allowfullscreen allow=\"autoplay; clipboard-write; encrypted-media; fullscreen; picture-in-picture\" loading=\"lazy\" src=\"https:\/\/open.spotify.com\/embed\/episode\/5czrZ0W8kwROPjCuBDgPzf?si=84f36588d67f40db&amp;utm_source=oembed\"><\/iframe>\n<\/div><\/figure>\n\n\n\n<figure class=\"wp-block-embed is-type-rich is-provider-spotify wp-block-embed-spotify wp-embed-aspect-21-9 wp-has-aspect-ratio\"><div class=\"wp-block-embed__wrapper\">\n<iframe title=\"Spotify Embed: Gisela Jehnert: Das Neue Leben (I)\" style=\"border-radius: 12px\" width=\"100%\" height=\"152\" frameborder=\"0\" allowfullscreen allow=\"autoplay; clipboard-write; encrypted-media; fullscreen; picture-in-picture\" loading=\"lazy\" src=\"https:\/\/open.spotify.com\/embed\/episode\/1zB0FpyapjOIElySFCIZiE?si=4d2057e358aa41ca&amp;utm_source=oembed\"><\/iframe>\n<\/div><\/figure>\n\n\n\n<figure class=\"wp-block-embed is-type-rich is-provider-spotify wp-block-embed-spotify wp-embed-aspect-21-9 wp-has-aspect-ratio\"><div class=\"wp-block-embed__wrapper\">\n<iframe title=\"Spotify Embed: Adelheid Sch\u00fctz: Die Kinder von Tschernobyl \" style=\"border-radius: 12px\" width=\"100%\" height=\"152\" frameborder=\"0\" allowfullscreen allow=\"autoplay; clipboard-write; encrypted-media; fullscreen; picture-in-picture\" loading=\"lazy\" src=\"https:\/\/open.spotify.com\/embed\/episode\/0XnyoYRWmFSEE8E9F728yK?si=5e98d7d75b67409e&amp;utm_source=oembed\"><\/iframe>\n<\/div><\/figure>\n\n\n\n<figure class=\"wp-block-embed is-type-rich is-provider-spotify wp-block-embed-spotify wp-embed-aspect-21-9 wp-has-aspect-ratio\"><div class=\"wp-block-embed__wrapper\">\n<iframe title=\"Spotify Embed: Hans \u201eWalli\u201c Walischefski: Die Flucht\" style=\"border-radius: 12px\" width=\"100%\" height=\"152\" frameborder=\"0\" allowfullscreen allow=\"autoplay; clipboard-write; encrypted-media; fullscreen; picture-in-picture\" loading=\"lazy\" src=\"https:\/\/open.spotify.com\/embed\/episode\/0MNyIdWfYmEGhnNJpPTpIN?si=7d33130ab2d34b76&amp;utm_source=oembed\"><\/iframe>\n<\/div><\/figure>\n\n\n\n<figure class=\"wp-block-embed is-type-rich is-provider-spotify wp-block-embed-spotify wp-embed-aspect-21-9 wp-has-aspect-ratio\"><div class=\"wp-block-embed__wrapper\">\n<iframe title=\"Spotify Embed: Jutta &amp; Joachim Neumann: Die Kreuzfahrer\" style=\"border-radius: 12px\" width=\"100%\" height=\"152\" frameborder=\"0\" allowfullscreen allow=\"autoplay; clipboard-write; encrypted-media; fullscreen; picture-in-picture\" loading=\"lazy\" src=\"https:\/\/open.spotify.com\/embed\/episode\/3LNze4JrzSdLubjJHE0ES8?si=c374f5cffd6e464c&amp;utm_source=oembed\"><\/iframe>\n<\/div><\/figure>\n\n\n\n<figure class=\"wp-block-embed is-type-rich is-provider-spotify wp-block-embed-spotify wp-embed-aspect-21-9 wp-has-aspect-ratio\"><div class=\"wp-block-embed__wrapper\">\n<iframe title=\"Spotify Embed: Andreas Kuhnow: Der Lebensmittelh\u00e4ndler\" style=\"border-radius: 12px\" width=\"100%\" height=\"152\" frameborder=\"0\" allowfullscreen allow=\"autoplay; clipboard-write; encrypted-media; fullscreen; picture-in-picture\" loading=\"lazy\" src=\"https:\/\/open.spotify.com\/embed\/episode\/0JMu6ESyhJrG96AUCKPW44?si=a52aae35684f4fb9&amp;utm_source=oembed\"><\/iframe>\n<\/div><\/figure>\n\n\n\n<figure class=\"wp-block-embed is-type-rich is-provider-spotify wp-block-embed-spotify wp-embed-aspect-21-9 wp-has-aspect-ratio\"><div class=\"wp-block-embed__wrapper\">\n<iframe title=\"Spotify Embed: Wieso, weshalb, warum? Oliver Schmidt \u00fcber &quot;U100 - Generation Kladow&quot;\" style=\"border-radius: 12px\" width=\"100%\" height=\"152\" frameborder=\"0\" allowfullscreen allow=\"autoplay; clipboard-write; encrypted-media; fullscreen; picture-in-picture\" loading=\"lazy\" src=\"https:\/\/open.spotify.com\/embed\/episode\/1GBdErBozTJAs6jKEUsFtt?si=9iLasik4TRmMu4vCaKcMug&amp;utm_source=oembed\"><\/iframe>\n<\/div><\/figure>\n\n\n\n<p><\/p>\n","protected":false},"excerpt":{"rendered":"<p>Grenzenlos &#8211; Kladow und Gro\u00df GlienickeFr\u00fcher durch die Mauer getrennt &#8211; jetzt w\u00e4chst vieles zusammen Kladow f\u00fcr Einsteiger &#8211; Ein Film von Peter Gurlt Sehenswert! \/\/ Kladow (Teil 1) (tvberlin)Geographisches, [&hellip;]<\/p>\n","protected":false},"author":8,"featured_media":0,"comment_status":"closed","ping_status":"closed","sticky":false,"template":"","format":"standard","meta":{"_EventAllDay":false,"_EventTimezone":"","_EventStartDate":"","_EventEndDate":"","_EventStartDateUTC":"","_EventEndDateUTC":"","_EventShowMap":false,"_EventShowMapLink":false,"_EventURL":"","_EventCost":"","_EventCostDescription":"","_EventCurrencySymbol":"","_EventCurrencyCode":"","_EventCurrencyPosition":"","_EventDateTimeSeparator":"","_EventTimeRangeSeparator":"","_EventOrganizerID":[],"_EventVenueID":[],"_OrganizerEmail":"","_OrganizerPhone":"","_OrganizerWebsite":"","_VenueAddress":"","_VenueCity":"","_VenueCountry":"","_VenueProvince":"","_VenueState":"","_VenueZip":"","_VenuePhone":"","_VenueURL":"","_VenueStateProvince":"","_VenueLat":"","_VenueLng":"","_VenueShowMap":false,"_VenueShowMapLink":false,"cybocfi_hide_featured_image":"","footnotes":""},"categories":[3],"tags":[],"class_list":["post-12819","post","type-post","status-publish","format-standard","hentry","category-werkstatt-geschichte"],"_links":{"self":[{"href":"https:\/\/kladower-forum.de\/index.php?rest_route=\/wp\/v2\/posts\/12819","targetHints":{"allow":["GET"]}}],"collection":[{"href":"https:\/\/kladower-forum.de\/index.php?rest_route=\/wp\/v2\/posts"}],"about":[{"href":"https:\/\/kladower-forum.de\/index.php?rest_route=\/wp\/v2\/types\/post"}],"author":[{"embeddable":true,"href":"https:\/\/kladower-forum.de\/index.php?rest_route=\/wp\/v2\/users\/8"}],"replies":[{"embeddable":true,"href":"https:\/\/kladower-forum.de\/index.php?rest_route=%2Fwp%2Fv2%2Fcomments&post=12819"}],"version-history":[{"count":42,"href":"https:\/\/kladower-forum.de\/index.php?rest_route=\/wp\/v2\/posts\/12819\/revisions"}],"predecessor-version":[{"id":17194,"href":"https:\/\/kladower-forum.de\/index.php?rest_route=\/wp\/v2\/posts\/12819\/revisions\/17194"}],"wp:attachment":[{"href":"https:\/\/kladower-forum.de\/index.php?rest_route=%2Fwp%2Fv2%2Fmedia&parent=12819"}],"wp:term":[{"taxonomy":"category","embeddable":true,"href":"https:\/\/kladower-forum.de\/index.php?rest_route=%2Fwp%2Fv2%2Fcategories&post=12819"},{"taxonomy":"post_tag","embeddable":true,"href":"https:\/\/kladower-forum.de\/index.php?rest_route=%2Fwp%2Fv2%2Ftags&post=12819"}],"curies":[{"name":"wp","href":"https:\/\/api.w.org\/{rel}","templated":true}]}}