{"id":14861,"date":"2025-08-03T14:58:51","date_gmt":"2025-08-03T12:58:51","guid":{"rendered":"https:\/\/kladower-forum.de\/?p=14861"},"modified":"2025-08-03T15:11:04","modified_gmt":"2025-08-03T13:11:04","slug":"automatisch-gespeicherter-entwurf","status":"publish","type":"post","link":"https:\/\/kladower-forum.de\/?p=14861","title":{"rendered":""},"content":{"rendered":"\n<div class=\"wp-block-columns has-contrast-color has-tertiary-background-color has-text-color has-background has-link-color wp-elements-7cd81fc74c316ca366e054c2a869c962 is-layout-flex wp-container-core-columns-is-layout-28f84493 wp-block-columns-is-layout-flex\" style=\"border-width:8px\">\n<div class=\"wp-block-column is-layout-flow wp-block-column-is-layout-flow\">\n<h5 class=\"wp-block-heading has-source-serif-pro-font-family\">R\u00fcckblick auf die Kladower Gedenkveranstaltung aus Anlass der Befreiung des Lagers Auschwitz vor 80 Jahren <\/h5>\n\n\n\n<figure class=\"wp-block-image size-full\"><img loading=\"lazy\" decoding=\"async\" width=\"700\" height=\"394\" src=\"https:\/\/kladower-forum.de\/wp-content\/uploads\/2025\/01\/vogel-stacheldraht_michaela.filipcikova_unsplash.jpg\" alt=\"\" class=\"wp-image-13028\" srcset=\"https:\/\/kladower-forum.de\/wp-content\/uploads\/2025\/01\/vogel-stacheldraht_michaela.filipcikova_unsplash.jpg 700w, https:\/\/kladower-forum.de\/wp-content\/uploads\/2025\/01\/vogel-stacheldraht_michaela.filipcikova_unsplash-300x169.jpg 300w\" sizes=\"auto, (max-width: 700px) 100vw, 700px\" \/><\/figure>\n\n\n\n<div class=\"wp-block-buttons is-layout-flex wp-block-buttons-is-layout-flex\"><\/div>\n\n\n\n<div class=\"wp-block-columns has-base-background-color has-background is-layout-flex wp-container-core-columns-is-layout-02351dbc wp-block-columns-is-layout-flex\" style=\"margin-top:var(--wp--preset--spacing--30);margin-bottom:var(--wp--preset--spacing--30);padding-top:0;padding-right:var(--wp--preset--spacing--30);padding-bottom:0;padding-left:var(--wp--preset--spacing--30)\">\n<div class=\"wp-block-column is-layout-flow wp-block-column-is-layout-flow\">\n<figure class=\"wp-block-image size-full\"><img loading=\"lazy\" decoding=\"async\" width=\"360\" height=\"288\" src=\"https:\/\/kladower-forum.de\/wp-content\/uploads\/2025\/01\/PastedGraphic-1.png\" alt=\"\" class=\"wp-image-13029\" srcset=\"https:\/\/kladower-forum.de\/wp-content\/uploads\/2025\/01\/PastedGraphic-1.png 360w, https:\/\/kladower-forum.de\/wp-content\/uploads\/2025\/01\/PastedGraphic-1-300x240.png 300w\" sizes=\"auto, (max-width: 360px) 100vw, 360px\" \/><\/figure>\n<\/div>\n\n\n\n<div class=\"wp-block-column is-layout-flow wp-block-column-is-layout-flow\">\n<div style=\"height:20px\" aria-hidden=\"true\" class=\"wp-block-spacer\"><\/div>\n\n\n\n<figure class=\"wp-block-image size-large\"><img loading=\"lazy\" decoding=\"async\" width=\"1024\" height=\"348\" src=\"https:\/\/kladower-forum.de\/wp-content\/uploads\/2019\/10\/Logo-1024x348.png\" alt=\"\" class=\"wp-image-4391\" srcset=\"https:\/\/kladower-forum.de\/wp-content\/uploads\/2019\/10\/Logo-1024x348.png 1024w, https:\/\/kladower-forum.de\/wp-content\/uploads\/2019\/10\/Logo-300x102.png 300w, https:\/\/kladower-forum.de\/wp-content\/uploads\/2019\/10\/Logo-768x261.png 768w\" sizes=\"auto, (max-width: 1024px) 100vw, 1024px\" \/><\/figure>\n\n\n\n<div style=\"height:12px\" aria-hidden=\"true\" class=\"wp-block-spacer\"><\/div>\n<\/div>\n<\/div>\n<\/div>\n\n\n\n<div class=\"wp-block-column is-layout-flow wp-block-column-is-layout-flow\">\n<p>Im Januar 2025 j\u00e4hrt sich zum 80sten mal der Tag der Befreiung des Lagers Auschwitz und die Rettung der \u00dcberlebenden. Das haben wir, die <strong>evangelische Kirche in Kladow<\/strong> und das <strong>Kladower Forum<\/strong>, mit einer KonzertLesung gew\u00fcrdigt.&nbsp;Durch die <strong>KonzertLesung \u201eIn Auschwitz gab es keine V\u00f6gel&#8220;<\/strong> zogen sich die O-T\u00f6ne eines Zeitzeugen, aus dessen \u00dcberlebensgeschichte ein Roman von Monika Held entstand: Die Geschichte des H\u00e4ftlings Heiner und seiner Frau Lena.<br>Der <strong>Bassist Gregor Praml<\/strong> und die <strong>Autorin Monika Held<\/strong> erz\u00e4hlten die Geschichte mit Text und Musik, die Geschichte des Wunsches, Erlebtes und Erlittenes weiterzugeben.<br>Es gab Beitr\u00e4ge von <strong>Pfarrer Nicolas Budde<\/strong>, <strong>B\u00fcrgermeister Frank Bewig<\/strong> und <strong>Lorin Deniz <\/strong>(Jugendgeschichtswerkstatt Spandau).<br>Beindruckend und treffend war der Beitrag von <strong>Debora Antmann<\/strong> (Kolumnistin des Tagesspiegel: \u201eSchlamasseltov&#8220;). <\/p>\n\n\n\n<div class=\"wp-block-buttons is-layout-flex wp-block-buttons-is-layout-flex\"><\/div>\n\n\n\n<p class=\"has-text-align-center has-cyan-bluish-gray-background-color has-background\" style=\"margin-top:0;margin-bottom:0;padding-top:0;padding-right:var(--wp--preset--spacing--30);padding-bottom:0;padding-left:var(--wp--preset--spacing--30)\">Wer nicht dabei sein konnte, kann den Beitrag von Debora Antmann hier <a href=\"https:\/\/kladower-forum.de\/wp-content\/uploads\/2025\/01\/Debora-Antmann-250125.pdf\" target=\"_blank\" rel=\"noreferrer noopener\">lesen<\/a> oder auch <a href=\"https:\/\/kladower-forum.de\/wp-content\/uploads\/2025\/01\/Debora-Antmann_Kladow-250125.mp4\" target=\"_blank\" rel=\"noreferrer noopener\">ansehen und anh\u00f6ren<\/a>.<\/p>\n\n\n\n<div class=\"wp-block-buttons is-layout-flex wp-block-buttons-is-layout-flex\"><\/div>\n\n\n\n<p class=\"has-text-align-center has-cyan-bluish-gray-background-color has-background\" style=\"margin-top:0;margin-bottom:0;padding-top:0;padding-right:0;padding-bottom:0;padding-left:0\">Den Roman&nbsp;\u201eDer Schrecken verliert sich vor Ort&#8220;&nbsp;von Monika Held gibt&nbsp;es in der Nicolaischen Buchhandlung Kladow.<\/p>\n<\/div>\n<\/div>\n","protected":false},"excerpt":{"rendered":"<p>R\u00fcckblick auf die Kladower Gedenkveranstaltung aus Anlass der Befreiung des Lagers Auschwitz vor 80 Jahren Im Januar 2025 j\u00e4hrt sich zum 80sten mal der Tag der Befreiung des Lagers Auschwitz [&hellip;]<\/p>\n","protected":false},"author":8,"featured_media":0,"comment_status":"closed","ping_status":"closed","sticky":false,"template":"","format":"standard","meta":{"_EventAllDay":false,"_EventTimezone":"","_EventStartDate":"","_EventEndDate":"","_EventStartDateUTC":"","_EventEndDateUTC":"","_EventShowMap":false,"_EventShowMapLink":false,"_EventURL":"","_EventCost":"","_EventCostDescription":"","_EventCurrencySymbol":"","_EventCurrencyCode":"","_EventCurrencyPosition":"","_EventDateTimeSeparator":"","_EventTimeRangeSeparator":"","_EventOrganizerID":[],"_EventVenueID":[],"_OrganizerEmail":"","_OrganizerPhone":"","_OrganizerWebsite":"","_VenueAddress":"","_VenueCity":"","_VenueCountry":"","_VenueProvince":"","_VenueState":"","_VenueZip":"","_VenuePhone":"","_VenueURL":"","_VenueStateProvince":"","_VenueLat":"","_VenueLng":"","_VenueShowMap":false,"_VenueShowMapLink":false,"cybocfi_hide_featured_image":"","footnotes":""},"categories":[1],"tags":[],"class_list":["post-14861","post","type-post","status-publish","format-standard","hentry","category-uncategorized"],"_links":{"self":[{"href":"https:\/\/kladower-forum.de\/index.php?rest_route=\/wp\/v2\/posts\/14861","targetHints":{"allow":["GET"]}}],"collection":[{"href":"https:\/\/kladower-forum.de\/index.php?rest_route=\/wp\/v2\/posts"}],"about":[{"href":"https:\/\/kladower-forum.de\/index.php?rest_route=\/wp\/v2\/types\/post"}],"author":[{"embeddable":true,"href":"https:\/\/kladower-forum.de\/index.php?rest_route=\/wp\/v2\/users\/8"}],"replies":[{"embeddable":true,"href":"https:\/\/kladower-forum.de\/index.php?rest_route=%2Fwp%2Fv2%2Fcomments&post=14861"}],"version-history":[{"count":2,"href":"https:\/\/kladower-forum.de\/index.php?rest_route=\/wp\/v2\/posts\/14861\/revisions"}],"predecessor-version":[{"id":14869,"href":"https:\/\/kladower-forum.de\/index.php?rest_route=\/wp\/v2\/posts\/14861\/revisions\/14869"}],"wp:attachment":[{"href":"https:\/\/kladower-forum.de\/index.php?rest_route=%2Fwp%2Fv2%2Fmedia&parent=14861"}],"wp:term":[{"taxonomy":"category","embeddable":true,"href":"https:\/\/kladower-forum.de\/index.php?rest_route=%2Fwp%2Fv2%2Fcategories&post=14861"},{"taxonomy":"post_tag","embeddable":true,"href":"https:\/\/kladower-forum.de\/index.php?rest_route=%2Fwp%2Fv2%2Ftags&post=14861"}],"curies":[{"name":"wp","href":"https:\/\/api.w.org\/{rel}","templated":true}]}}