{"id":1532,"date":"2017-01-11T11:00:39","date_gmt":"2017-01-11T09:00:39","guid":{"rendered":"https:\/\/kladower-forum.de\/?page_id=1532"},"modified":"2023-03-27T23:25:01","modified_gmt":"2023-03-27T21:25:01","slug":"festschrift-750-jahre-kladow","status":"publish","type":"post","link":"https:\/\/kladower-forum.de\/?p=1532","title":{"rendered":"Festschrift 750 Jahre Kladow"},"content":{"rendered":"<p>P\u00fcnktlich zur Pressekonferenz des Beirates zur Vorbereitung der Veranstaltungen in Kladows Jubil\u00e4umsjahr 2017 konnte die Festschrift vorgestellt werden. Vor \u00fcber einem Jahr hatte sich ein Team zusammengefunden, das sich mit dem Leitmotto, der Struktur und der Verteilung der einzelnen Themenbereiche besch\u00e4ftigte. Die Koordination \u00fcbernahm Rainer Nitsch, zum Redaktionsteam geh\u00f6rten dar\u00fcber hinaus: Hartmann Baumgarten, Eckart Elsner, Hans-J\u00fcrgen, L\u00f6dden, Peter Streubel und Renate Wenzel. Die Mitglieder der Redaktion \u00fcbernahmen auch die Recherchen und das Schreiben der Artikel.<\/p>\n<p>Gleichzeitig \u00fcbernahmen sie aber auch die Verantwortung f\u00fcr die Gesamtkonzeption.<br \/>\nIn unseren ersten Gespr\u00e4chen wurde deutlich, dass wir nicht ins Fahrwasser der sonst so \u00fcblichen und gef\u00e4lligen Festschriften geraten wollten. Wir waren der Ansicht, dass wir unserer Aufgabe am besten dadurch gerecht werden konnten, wenn wir als Leitthema \u201eKladow ver\u00e4ndert sich\u201c w\u00e4hlten und alle Beitr\u00e4ge sich daran ausrichten lie\u00dfen. Wenn wir uns die Entwicklung Kladows in baulicher Hinsicht und unter Ber\u00fccksichtigung der st\u00e4ndigen Anpassung der Infrastruktur vor Augen halten, dann wird sofort klar, dass die Folgen z. B. der rasanten Zunahme der Einwohnerzahl Kladow in besonderem Ma\u00dfe betreffen. Hier haben wir unseren Schwerpunkt gesetzt. Diese Konzeption hatte aber auch zur Folge, dass wir keine Beitr\u00e4ge mit blo\u00dfer Selbstdarstellung einzelner Institutionen aufgenommen haben.<\/p>\n<figure id=\"attachment_1546\" aria-describedby=\"caption-attachment-1546\" style=\"width: 211px\" class=\"wp-caption aligncenter\"><a href=\"https:\/\/kladower-forum.de\/wp-content\/uploads\/2017\/01\/festschrift-750-jahre-kladow-endfassung.pdf\" target=\"_blank\" rel=\"noopener\"><img loading=\"lazy\" decoding=\"async\" class=\"wp-image-1546 size-full\" src=\"https:\/\/kladower-forum.de\/wp-content\/uploads\/2017\/01\/750_kladow_fs2017.png\" width=\"211\" height=\"300\" \/><\/a><figcaption id=\"caption-attachment-1546\" class=\"wp-caption-text\"><a href=\"https:\/\/kladower-forum.de\/wp-content\/uploads\/2017\/01\/festschrift-750-jahre-kladow-endfassung.pdf\" target=\"_blank\" rel=\"noopener\">Zum Download (16 MB)<\/a><\/figcaption><\/figure>\n<p>Zu einer Festschrift zum Jubil\u00e4um unseres Ortes geh\u00f6rt nat\u00fcrlich auch die Abbildung der Originalurkunde und der \u00fcbersetzte Wortlaut, in der Kladow in der Form \u201eClodow\u201c zum ersten Mal erw\u00e4hnt wird. Eine \u201eKleine Zeitreise durch die Geschichte Kladows\u201c dokumentiert in Stichworten das zun\u00e4chst langsame und dann das schnelle Wachstum mit allen Folgen unseres Dorfes. In Dialogform wird der Zustand mit der Besiedlung unserer Region vom Jahre 1267 geschildert und wie die Bewohner damals lebten.<br \/>\nAn ausgew\u00e4hltem historischem Kartenmaterial kann die Ausdehnung der Grenzen Kladows bis heute verfolgt werden.<\/p>\n<p>Wichtig ist uns, den Spuren einiger heute nicht mehr auffindbarer Geb\u00e4ude bzw. Einrichtungen nachzugehen, die aber genauso zur Geschichte des Ortes geh\u00f6ren wie z. B. unsere Dorfkirche. Dazu geh\u00f6rt das abgerissene Schloss Br\u00fcningslinden, die Kohlengruben am Kladower Damm oder auch die alte Bockwindm\u00fchle, die einmal am Ritterfelddamm stand.<\/p>\n<p>Ein besonderes Kapitel verfolgt den schwierigen Weg der R\u00fcckf\u00fchrung des venezianischen L\u00f6wenbrunnens aus dem Innenhof des ehemaligen Schlosses Br\u00fcningslinden nach Kladow, der am 6. Mai 2017 feierlich eingeweiht werden wird.<\/p>\n<p>Zu einer wahren Explosion der Einwohnerzahl begann mit dem Bau des Fliegerhorstes Gatow 1935 und den zahlreichen Folgeeinrichtungen. Vieles, was noch heute zum unverwechselbaren Profil Kladows gerechnet werden kann, ist mit dieser Aktion verbunden.<\/p>\n<p>Es folgen Beitr\u00e4ge, die sich beispielhaft der von uns gerade miterlebten, z. T. spektakul\u00e4ren und manchmal auch kontrovers diskutierten, Ver\u00e4nderungen annehmen. Dazu geh\u00f6ren u. a. die Unterbringung von Fl\u00fcchtlingen, die Verkehrssituation, die Bem\u00fchungen um das ehemalige Lehnschulzengut Neukladow. Hier kommt auch Pfarrer Martin Kusch zu Wort.<br \/>\nExakte statistische Zahlen unseren Ort betreffend liefert der hierf\u00fcr zust\u00e4ndige Fachmann Eckart Elsner, w\u00e4hren Hagen Na\u00df seine ganz pers\u00f6nliche Beziehung zu Kladow zum Ausdruck bringt. Das bisher feststehende Veranstaltungsprogramm dient zur Orientierung in unserem Jubil\u00e4umsjahr.<\/p>\n<p>Die Festschrift erscheint unter der Herausgeberschaft des Kladower Forum e. V. in einer Auflage von 7000 Exemplaren. F\u00fcr das Layout und den Druck hat Frank Ober\u00fcber gesorgt. Dadurch, dass zahlreiche Gewerbetreibende sich bereit erkl\u00e4rt haben, in unserer Festschrift kostenpflichtig zu inserieren, k\u00f6nnen wir jedem Interessierten sein Exemplar kostenfrei zukommen lassen.<\/p>\n<p>Dazu haben im Ort einige Depots eingerichtet, die sie bitte unseren Anschlagtafeln entnehmen k\u00f6nnen. Au\u00dferdem erkennen sie die Orte mit den Depots an einem entsprechenden Plakat. Fragen Sie dort nach unserer Festschrift. Sie k\u00f6nnen sie z. B. im Haus Kladower Forum w\u00e4hrend unserer st\u00e4ndigen Sprechstunden jeden Samstag von 10 bis 12 Uhr abholen.<\/p>\n<p>Wir bitten auch an dieser Stelle gerade wegen der kostenfreien Abgabe der Festschrift, die Aktionen im Jubil\u00e4umsjahr mit Ihrer Spende zu unterst\u00fctzen:<br \/>\nSpendenkonto: Kladower Forum \u201e750 Jahre Kladow\u201c<br \/>\nDE 55 100 700 240 109 161 001.<\/p>\n<p>Wir als Redaktionsteam haben gemerkt, dass Kladow reich an Geschichte und reich an kreativer Einwohnerschaft ist. Davon k\u00f6nnen wir alle auch in Zukunft profitieren.<\/p>\n<p>Rainer Nitsch<\/p>\n","protected":false},"excerpt":{"rendered":"<p>P\u00fcnktlich zur Pressekonferenz des Beirates zur Vorbereitung der Veranstaltungen in Kladows Jubil\u00e4umsjahr 2017 konnte die Festschrift vorgestellt werden. Vor \u00fcber einem Jahr hatte sich ein Team zusammengefunden, das sich mit [&hellip;]<\/p>\n","protected":false},"author":4,"featured_media":0,"comment_status":"closed","ping_status":"closed","sticky":false,"template":"","format":"standard","meta":{"_EventAllDay":false,"_EventTimezone":"","_EventStartDate":"","_EventEndDate":"","_EventStartDateUTC":"","_EventEndDateUTC":"","_EventShowMap":false,"_EventShowMapLink":false,"_EventURL":"","_EventCost":"","_EventCostDescription":"","_EventCurrencySymbol":"","_EventCurrencyCode":"","_EventCurrencyPosition":"","_EventDateTimeSeparator":"","_EventTimeRangeSeparator":"","_EventOrganizerID":[],"_EventVenueID":[],"_OrganizerEmail":"","_OrganizerPhone":"","_OrganizerWebsite":"","_VenueAddress":"","_VenueCity":"","_VenueCountry":"","_VenueProvince":"","_VenueState":"","_VenueZip":"","_VenuePhone":"","_VenueURL":"","_VenueStateProvince":"","_VenueLat":"","_VenueLng":"","_VenueShowMap":false,"_VenueShowMapLink":false,"cybocfi_hide_featured_image":"","footnotes":""},"categories":[],"tags":[],"class_list":["post-1532","post","type-post","status-publish","format-standard","hentry"],"_links":{"self":[{"href":"https:\/\/kladower-forum.de\/index.php?rest_route=\/wp\/v2\/posts\/1532","targetHints":{"allow":["GET"]}}],"collection":[{"href":"https:\/\/kladower-forum.de\/index.php?rest_route=\/wp\/v2\/posts"}],"about":[{"href":"https:\/\/kladower-forum.de\/index.php?rest_route=\/wp\/v2\/types\/post"}],"author":[{"embeddable":true,"href":"https:\/\/kladower-forum.de\/index.php?rest_route=\/wp\/v2\/users\/4"}],"replies":[{"embeddable":true,"href":"https:\/\/kladower-forum.de\/index.php?rest_route=%2Fwp%2Fv2%2Fcomments&post=1532"}],"version-history":[{"count":7,"href":"https:\/\/kladower-forum.de\/index.php?rest_route=\/wp\/v2\/posts\/1532\/revisions"}],"predecessor-version":[{"id":8841,"href":"https:\/\/kladower-forum.de\/index.php?rest_route=\/wp\/v2\/posts\/1532\/revisions\/8841"}],"wp:attachment":[{"href":"https:\/\/kladower-forum.de\/index.php?rest_route=%2Fwp%2Fv2%2Fmedia&parent=1532"}],"wp:term":[{"taxonomy":"category","embeddable":true,"href":"https:\/\/kladower-forum.de\/index.php?rest_route=%2Fwp%2Fv2%2Fcategories&post=1532"},{"taxonomy":"post_tag","embeddable":true,"href":"https:\/\/kladower-forum.de\/index.php?rest_route=%2Fwp%2Fv2%2Ftags&post=1532"}],"curies":[{"name":"wp","href":"https:\/\/api.w.org\/{rel}","templated":true}]}}