{"id":16160,"date":"2025-10-07T18:58:53","date_gmt":"2025-10-07T16:58:53","guid":{"rendered":"https:\/\/kladower-forum.de\/?p=16160"},"modified":"2025-10-10T09:50:52","modified_gmt":"2025-10-10T07:50:52","slug":"kladow-im-fruehjahr-1945-das-neue-buch-der-werkstatt-geschichte","status":"publish","type":"post","link":"https:\/\/kladower-forum.de\/?p=16160","title":{"rendered":"Kladow im Fr\u00fchjahr 1945 | Das neue Buch der Werkstatt Geschichte"},"content":{"rendered":"\n<div style=\"height:28px\" aria-hidden=\"true\" class=\"wp-block-spacer\"><\/div>\n\n\n\n<div class=\"wp-block-columns is-layout-flex wp-container-core-columns-is-layout-28f84493 wp-block-columns-is-layout-flex\">\n<div class=\"wp-block-column is-layout-flow wp-block-column-is-layout-flow\">\n<figure class=\"wp-block-image size-full\"><img loading=\"lazy\" decoding=\"async\" width=\"752\" height=\"1002\" src=\"https:\/\/kladower-forum.de\/wp-content\/uploads\/2025\/10\/Screenshot-2025-10-10-094622.png\" alt=\"\" class=\"wp-image-16237\" srcset=\"https:\/\/kladower-forum.de\/wp-content\/uploads\/2025\/10\/Screenshot-2025-10-10-094622.png 752w, https:\/\/kladower-forum.de\/wp-content\/uploads\/2025\/10\/Screenshot-2025-10-10-094622-225x300.png 225w, https:\/\/kladower-forum.de\/wp-content\/uploads\/2025\/10\/Screenshot-2025-10-10-094622-100x133.png 100w\" sizes=\"auto, (max-width: 752px) 100vw, 752px\" \/><\/figure>\n<\/div>\n\n\n\n<div class=\"wp-block-column is-layout-flow wp-block-column-is-layout-flow\">\n<figure class=\"wp-block-image size-full\"><img loading=\"lazy\" decoding=\"async\" width=\"616\" height=\"809\" src=\"https:\/\/kladower-forum.de\/wp-content\/uploads\/2025\/10\/Screenshot-2025-10-07-183252.png\" alt=\"\" class=\"wp-image-16161\" srcset=\"https:\/\/kladower-forum.de\/wp-content\/uploads\/2025\/10\/Screenshot-2025-10-07-183252.png 616w, https:\/\/kladower-forum.de\/wp-content\/uploads\/2025\/10\/Screenshot-2025-10-07-183252-228x300.png 228w, https:\/\/kladower-forum.de\/wp-content\/uploads\/2025\/10\/Screenshot-2025-10-07-183252-100x131.png 100w\" sizes=\"auto, (max-width: 616px) 100vw, 616px\" \/><\/figure>\n<\/div>\n<\/div>\n\n\n\n<p><strong>Weitere Informationen<\/strong><br>&#8211; <a href=\"#Vorwort\">Vorwort >><\/a><br>&#8211; <a href=\"#Inhalt\">Inhaltsverzeichnis >><\/a><\/p>\n\n\n\n<hr class=\"wp-block-separator has-alpha-channel-opacity is-style-default\" style=\"margin-top:var(--wp--preset--spacing--30);margin-bottom:var(--wp--preset--spacing--30)\"\/>\n\n\n\n<figure class=\"wp-block-image aligncenter size-full\" id=\"Vorwort\"><img loading=\"lazy\" decoding=\"async\" width=\"906\" height=\"627\" src=\"https:\/\/kladower-forum.de\/wp-content\/uploads\/2025\/10\/Screenshot-2025-10-07-183705.png\" alt=\"\" class=\"wp-image-16162\" srcset=\"https:\/\/kladower-forum.de\/wp-content\/uploads\/2025\/10\/Screenshot-2025-10-07-183705.png 906w, https:\/\/kladower-forum.de\/wp-content\/uploads\/2025\/10\/Screenshot-2025-10-07-183705-300x208.png 300w, https:\/\/kladower-forum.de\/wp-content\/uploads\/2025\/10\/Screenshot-2025-10-07-183705-768x531.png 768w, https:\/\/kladower-forum.de\/wp-content\/uploads\/2025\/10\/Screenshot-2025-10-07-183705-100x69.png 100w\" sizes=\"auto, (max-width: 906px) 100vw, 906px\" \/><\/figure>\n\n\n\n<h4 class=\"wp-block-heading\"><strong>Kladow im Fr\u00fchjahr 1945 &#8211; Vorwort<\/strong><\/h4>\n\n\n\n<p>Fr\u00fchjahr 1945: Wie mag es damals in Kladow ausgesehen haben? Wie haben die Kladower diese Zeit erlebt, die Endphase des 2. Weltkriegs und die russische Besatzungszeit? Diese Fragen stellte sich die Gruppe \u201eWerkstatt Geschichte\u201c Ende der 1980er-Jahre.<br><br>Zwar gab es in unserem Archiv damals bereits einige schriftliche Erinnerungen an Kladow in dieser Zeit, aber sie waren nicht umfassend genug, um eine angemessene Antwort auf unsere Fragen zu erhalten. Also stellten wir uns die l\u00e4ngerfristig angelegte Aufgabe, mehr zu erfahren, indem wir Kladowerinnen und Kladower nach ihren Erlebnissen befragten, wenn sie sich dazu und zu einer m\u00f6glichen Ver\u00f6ffentlichung bereit erkl\u00e4rten. Im Zeitraum zwischen 2010 und 2014 haben vor allem unsere Mitglieder Anne Lange und Gerda Holtz Interviews und Gespr\u00e4che gef\u00fchrt und verschriftlicht. Die dadurch allm\u00e4hlich entstandene kleine Sammlung \u00fcber Erfahrungen von Zeitzeugen wurde erg\u00e4nzt durch uns zugesandte Briefe und Erinnerungen.<br><br>Als dieser Erfahrungsschatz aufgrund anderer Aktivit\u00e4ten der Werkstatt fast in Vergessenheit geraten war, wurde vor ungef\u00e4hr acht Jahren \u00fcberlegt, wie man diese Aussagen und Texte in geeigneter Weise den Kladowerinnen und Kladowern zur Kenntnis bringen k\u00f6nnte. Ein fortlaufender Abdruck in unserer Zeitung <em>Treffpunkte<\/em> wurde schnell verworfen, da diese Vorgehensweise einen viel zu langen Zeitraum in Anspruch genommen h\u00e4tte. Eine Brosch\u00fcre in Form einer unkommentierten Dokumentation erschien uns ebenfalls ungeeignet, weil dadurch der vor allem f\u00fcr j\u00fcngere Leser erforderliche Kontext gefehlt h\u00e4tte. Schlie\u00dflich fand der Vorschlag Zustimmung, diese Quellen in geeigneter Weise in eine Ver\u00f6ffentlichung \u00fcber die Situation in Kladow im Jahr 1945 einzubinden, auch wenn in diesem Fall nur Ausz\u00fcge aus dem Material Verwendung finden w\u00fcrden. Im weiteren Verlauf der Diskussion grenzten wir die zu betrachtende Zeitspanne unter Ber\u00fccksichtigung der uns f\u00fcr die Recherche und das Schreiben der Texte zur Verf\u00fcgung stehenden personellen Kapazit\u00e4ten ein und fanden so auch unseren Titel: \u201eKladow im Fr\u00fchjahr 1945\u201c. Nachdem die Textentw\u00fcrfe f\u00fcr die drei vorgesehenen Kapitel fertiggestellt waren, kam es dann leider noch einmal zu einer sehr langen Unterbrechung unserer Arbeit, sodass wir besonders froh sind, unser kleines Buch noch im Jubil\u00e4umsjahr 2025, dem 80. Jahrestag des Kriegsendes, ver\u00f6ffentlichen zu k\u00f6nnen.<br><br>Gegen\u00fcber dem unbeschreiblichen Leid der Menschen und dem kaum vorstellbaren Ausma\u00df an Zerst\u00f6rung und Tod, das auf den Eroberungs- und Vernichtungskrieg der deutschen Truppen zur\u00fcckzuf\u00fchren ist, erscheinen die Ereignisse in Kladow im Fr\u00fchjahr 1945 marginal, aber f\u00fcr die betroffenen Einwohner waren sie gef\u00e4hrlich, z. T. sogar lebensgef\u00e4hrlich &#8211; ein weiterer Grund daf\u00fcr, dass viele das Ende des Krieges nicht als Befreiung erlebten. Bei den Aussagen der Zeitzeugen geht es um das nachvollziehbare pers\u00f6nliche Schicksal, um die individuelle Perspektive des Erlebens, die aber weder aus der Sicht der Befragten noch aus der Sicht der Autoren dieses Buches als Relativierung des von Deutschen begangenen Unrechts zu verstehen ist.<br><br>Es gibt nur wenige offizielle Quellen \u00fcber die letzten Kriegstage in der Region, da sich die nationale und internationale Geschichtsschreibung sowie die in den f\u00fcnfziger Jahren boomende Erinnerungsliteratur von deutschen Milit\u00e4rs und ehemaligen Nationalsozialisten auf den \u201eEndkampf\u201c im Zentrum Berlins, und hier besonders auf die Reichskanzlei, konzentriert hat. So war es nur m\u00f6glich, aus vielen verstreuten Aussagen und Angaben ein ungef\u00e4hres Bild des Kriegsverlaufs in der Umgebung von Kladow zu gewinnen, ohne dass der Wahrheitsgehalt der Informationen immer anhand anderer Quellen \u00fcberpr\u00fcft werden konnte.<br><br>Da unsere Texte aus diesen und anderen Gr\u00fcnden erg\u00e4nzungs- und korrekturbed\u00fcrftig sind, freuen wir uns \u00fcber jede hilfreiche R\u00fcckmeldung an die Mail-Adresse: geschichte@kladower-forum.de.<br><br><em>Peter Streubel<\/em><\/p>\n\n\n\n<hr class=\"wp-block-separator has-alpha-channel-opacity\"\/>\n\n\n\n<div class=\"wp-block-columns is-layout-flex wp-container-core-columns-is-layout-28f84493 wp-block-columns-is-layout-flex\">\n<div class=\"wp-block-column is-layout-flow wp-block-column-is-layout-flow\">\n<figure class=\"wp-block-image size-full\" id=\"Inhalt\"><img loading=\"lazy\" decoding=\"async\" width=\"600\" height=\"581\" src=\"https:\/\/kladower-forum.de\/wp-content\/uploads\/2025\/10\/Screenshot-2025-10-07-183732.png\" alt=\"\" class=\"wp-image-16164\" srcset=\"https:\/\/kladower-forum.de\/wp-content\/uploads\/2025\/10\/Screenshot-2025-10-07-183732.png 600w, https:\/\/kladower-forum.de\/wp-content\/uploads\/2025\/10\/Screenshot-2025-10-07-183732-300x291.png 300w, https:\/\/kladower-forum.de\/wp-content\/uploads\/2025\/10\/Screenshot-2025-10-07-183732-100x97.png 100w\" sizes=\"auto, (max-width: 600px) 100vw, 600px\" \/><\/figure>\n<\/div>\n\n\n\n<div class=\"wp-block-column is-layout-flow wp-block-column-is-layout-flow\">\n<figure class=\"wp-block-image size-full\"><img loading=\"lazy\" decoding=\"async\" width=\"542\" height=\"475\" src=\"https:\/\/kladower-forum.de\/wp-content\/uploads\/2025\/10\/Screenshot-2025-10-07-222111.png\" alt=\"\" class=\"wp-image-16186\" srcset=\"https:\/\/kladower-forum.de\/wp-content\/uploads\/2025\/10\/Screenshot-2025-10-07-222111.png 542w, https:\/\/kladower-forum.de\/wp-content\/uploads\/2025\/10\/Screenshot-2025-10-07-222111-300x263.png 300w, https:\/\/kladower-forum.de\/wp-content\/uploads\/2025\/10\/Screenshot-2025-10-07-222111-100x88.png 100w\" sizes=\"auto, (max-width: 542px) 100vw, 542px\" \/><\/figure>\n<\/div>\n<\/div>\n\n\n\n<figure class=\"wp-block-image size-large\"><img loading=\"lazy\" decoding=\"async\" width=\"1024\" height=\"571\" src=\"https:\/\/kladower-forum.de\/wp-content\/uploads\/2025\/10\/Screenshot-2025-10-07-185210-1024x571.png\" alt=\"\" class=\"wp-image-16170\" srcset=\"https:\/\/kladower-forum.de\/wp-content\/uploads\/2025\/10\/Screenshot-2025-10-07-185210-1024x571.png 1024w, https:\/\/kladower-forum.de\/wp-content\/uploads\/2025\/10\/Screenshot-2025-10-07-185210-300x167.png 300w, https:\/\/kladower-forum.de\/wp-content\/uploads\/2025\/10\/Screenshot-2025-10-07-185210-768x428.png 768w, https:\/\/kladower-forum.de\/wp-content\/uploads\/2025\/10\/Screenshot-2025-10-07-185210-100x56.png 100w, https:\/\/kladower-forum.de\/wp-content\/uploads\/2025\/10\/Screenshot-2025-10-07-185210.png 1461w\" sizes=\"auto, (max-width: 1024px) 100vw, 1024px\" \/><\/figure>\n\n\n\n<figure class=\"wp-block-image size-large\"><img loading=\"lazy\" decoding=\"async\" width=\"1024\" height=\"111\" src=\"https:\/\/kladower-forum.de\/wp-content\/uploads\/2025\/10\/Screenshot-2025-10-07-185231-1024x111.png\" alt=\"\" class=\"wp-image-16171\" srcset=\"https:\/\/kladower-forum.de\/wp-content\/uploads\/2025\/10\/Screenshot-2025-10-07-185231-1024x111.png 1024w, https:\/\/kladower-forum.de\/wp-content\/uploads\/2025\/10\/Screenshot-2025-10-07-185231-300x32.png 300w, https:\/\/kladower-forum.de\/wp-content\/uploads\/2025\/10\/Screenshot-2025-10-07-185231-768x83.png 768w, https:\/\/kladower-forum.de\/wp-content\/uploads\/2025\/10\/Screenshot-2025-10-07-185231-100x11.png 100w, https:\/\/kladower-forum.de\/wp-content\/uploads\/2025\/10\/Screenshot-2025-10-07-185231.png 1454w\" sizes=\"auto, (max-width: 1024px) 100vw, 1024px\" \/><\/figure>\n\n\n\n<figure class=\"wp-block-image size-large\"><img loading=\"lazy\" decoding=\"async\" width=\"1024\" height=\"582\" src=\"https:\/\/kladower-forum.de\/wp-content\/uploads\/2025\/10\/Screenshot-2025-10-07-185255-1024x582.png\" alt=\"\" class=\"wp-image-16172\" srcset=\"https:\/\/kladower-forum.de\/wp-content\/uploads\/2025\/10\/Screenshot-2025-10-07-185255-1024x582.png 1024w, https:\/\/kladower-forum.de\/wp-content\/uploads\/2025\/10\/Screenshot-2025-10-07-185255-300x170.png 300w, https:\/\/kladower-forum.de\/wp-content\/uploads\/2025\/10\/Screenshot-2025-10-07-185255-768x436.png 768w, https:\/\/kladower-forum.de\/wp-content\/uploads\/2025\/10\/Screenshot-2025-10-07-185255-100x57.png 100w, https:\/\/kladower-forum.de\/wp-content\/uploads\/2025\/10\/Screenshot-2025-10-07-185255.png 1449w\" sizes=\"auto, (max-width: 1024px) 100vw, 1024px\" \/><\/figure>\n\n\n\n<figure class=\"wp-block-image aligncenter size-full is-resized has-custom-border\" style=\"margin-top:var(--wp--preset--spacing--30);margin-right:0;margin-bottom:var(--wp--preset--spacing--30);margin-left:0\"><img loading=\"lazy\" decoding=\"async\" width=\"1024\" height=\"698\" src=\"https:\/\/kladower-forum.de\/wp-content\/uploads\/2025\/10\/Screenshot-2025-10-07-183805.png\" alt=\"\" class=\"wp-image-16163\" style=\"border-style:none;border-width:0px;width:880px;height:auto\" srcset=\"https:\/\/kladower-forum.de\/wp-content\/uploads\/2025\/10\/Screenshot-2025-10-07-183805.png 1024w, https:\/\/kladower-forum.de\/wp-content\/uploads\/2025\/10\/Screenshot-2025-10-07-183805-300x204.png 300w, https:\/\/kladower-forum.de\/wp-content\/uploads\/2025\/10\/Screenshot-2025-10-07-183805-768x524.png 768w, https:\/\/kladower-forum.de\/wp-content\/uploads\/2025\/10\/Screenshot-2025-10-07-183805-100x68.png 100w\" sizes=\"auto, (max-width: 1024px) 100vw, 1024px\" \/><\/figure>\n","protected":false},"excerpt":{"rendered":"<p>Weitere Informationen&#8211; Vorwort >>&#8211; Inhaltsverzeichnis >> Kladow im Fr\u00fchjahr 1945 &#8211; Vorwort Fr\u00fchjahr 1945: Wie mag es damals in Kladow ausgesehen haben? Wie haben die Kladower diese Zeit erlebt, die [&hellip;]<\/p>\n","protected":false},"author":8,"featured_media":0,"comment_status":"closed","ping_status":"closed","sticky":false,"template":"","format":"standard","meta":{"_EventAllDay":false,"_EventTimezone":"","_EventStartDate":"","_EventEndDate":"","_EventStartDateUTC":"","_EventEndDateUTC":"","_EventShowMap":false,"_EventShowMapLink":false,"_EventURL":"","_EventCost":"","_EventCostDescription":"","_EventCurrencySymbol":"","_EventCurrencyCode":"","_EventCurrencyPosition":"","_EventDateTimeSeparator":"","_EventTimeRangeSeparator":"","_EventOrganizerID":[],"_EventVenueID":[],"_OrganizerEmail":"","_OrganizerPhone":"","_OrganizerWebsite":"","_VenueAddress":"","_VenueCity":"","_VenueCountry":"","_VenueProvince":"","_VenueState":"","_VenueZip":"","_VenuePhone":"","_VenueURL":"","_VenueStateProvince":"","_VenueLat":"","_VenueLng":"","_VenueShowMap":false,"_VenueShowMapLink":false,"cybocfi_hide_featured_image":"","footnotes":""},"categories":[1],"tags":[],"class_list":["post-16160","post","type-post","status-publish","format-standard","hentry","category-uncategorized"],"_links":{"self":[{"href":"https:\/\/kladower-forum.de\/index.php?rest_route=\/wp\/v2\/posts\/16160","targetHints":{"allow":["GET"]}}],"collection":[{"href":"https:\/\/kladower-forum.de\/index.php?rest_route=\/wp\/v2\/posts"}],"about":[{"href":"https:\/\/kladower-forum.de\/index.php?rest_route=\/wp\/v2\/types\/post"}],"author":[{"embeddable":true,"href":"https:\/\/kladower-forum.de\/index.php?rest_route=\/wp\/v2\/users\/8"}],"replies":[{"embeddable":true,"href":"https:\/\/kladower-forum.de\/index.php?rest_route=%2Fwp%2Fv2%2Fcomments&post=16160"}],"version-history":[{"count":23,"href":"https:\/\/kladower-forum.de\/index.php?rest_route=\/wp\/v2\/posts\/16160\/revisions"}],"predecessor-version":[{"id":16239,"href":"https:\/\/kladower-forum.de\/index.php?rest_route=\/wp\/v2\/posts\/16160\/revisions\/16239"}],"wp:attachment":[{"href":"https:\/\/kladower-forum.de\/index.php?rest_route=%2Fwp%2Fv2%2Fmedia&parent=16160"}],"wp:term":[{"taxonomy":"category","embeddable":true,"href":"https:\/\/kladower-forum.de\/index.php?rest_route=%2Fwp%2Fv2%2Fcategories&post=16160"},{"taxonomy":"post_tag","embeddable":true,"href":"https:\/\/kladower-forum.de\/index.php?rest_route=%2Fwp%2Fv2%2Ftags&post=16160"}],"curies":[{"name":"wp","href":"https:\/\/api.w.org\/{rel}","templated":true}]}}