{"id":16359,"date":"2025-10-31T12:34:51","date_gmt":"2025-10-31T11:34:51","guid":{"rendered":"https:\/\/kladower-forum.de\/?p=16359"},"modified":"2025-11-02T21:38:34","modified_gmt":"2025-11-02T20:38:34","slug":"30-jahre-gkh","status":"publish","type":"post","link":"https:\/\/kladower-forum.de\/?p=16359","title":{"rendered":"Festakt 30 Jahre Gemeinschaftskrankenhaus Kladow"},"content":{"rendered":"<p>Am 30. Oktober 2025 fand im Saal der Evangelischen Gemeinde Kladow ein Festakt statt. Anla\u00df war das 30j\u00e4hrige Bestehen des Gemeinschaftskrankenhauses Havelh\u00f6he in Kladow.<\/p>\n<p><img loading=\"lazy\" decoding=\"async\" class=\"alignnone wp-image-16357\" src=\"https:\/\/kladower-forum.de\/wp-content\/uploads\/2025\/10\/DSC09729-300x203.jpg\" alt=\"\" width=\"631\" height=\"427\" srcset=\"https:\/\/kladower-forum.de\/wp-content\/uploads\/2025\/10\/DSC09729-300x203.jpg 300w, https:\/\/kladower-forum.de\/wp-content\/uploads\/2025\/10\/DSC09729-1024x692.jpg 1024w, https:\/\/kladower-forum.de\/wp-content\/uploads\/2025\/10\/DSC09729-768x519.jpg 768w, https:\/\/kladower-forum.de\/wp-content\/uploads\/2025\/10\/DSC09729-100x68.jpg 100w, https:\/\/kladower-forum.de\/wp-content\/uploads\/2025\/10\/DSC09729.jpg 1291w\" sizes=\"auto, (max-width: 631px) 100vw, 631px\" \/><\/p>\n<p>Die Pflegedienstleiterin Beate Turczynski, Stellvertretender \u00c4rztlicher Leiter PD Dr. med.<br \/>\nFriedemann Schad, Gesch\u00e4ftsf\u00fchrerin Christa Foppe<br \/>\n(Foto: Susanne Deglmann)<\/p>\n<p>Zahlreiche Redner neben den leitenden Mitarbeitern des Krankenhauses, der Bezirksb\u00fcrgermeister Frank Bewig, die Gro\u00df Glienicker Ortsbeiratsvorsteherin Birgit Malik und weitere Vertreter Kladower Institionenen hoben in ihren Redebeitr\u00e4gen die Bedeutung des Krankenhauses Havelh\u00f6he f\u00fcr Kladow und die Region hervor. In den 30 Jahren seines Bestehens ist das Gemeinschaftskrankenhaus mit seinem ganzheitlichen Ansatz und seiner dem Patienten zugewandten Praxis zu &#8222;unserem&#8220; Krankenhaus geworden.<\/p>\n<p><img loading=\"lazy\" decoding=\"async\" class=\"alignnone wp-image-16358\" src=\"https:\/\/kladower-forum.de\/wp-content\/uploads\/2025\/10\/PSX_20251031_080050-300x176.jpg\" alt=\"\" width=\"624\" height=\"366\" srcset=\"https:\/\/kladower-forum.de\/wp-content\/uploads\/2025\/10\/PSX_20251031_080050-300x176.jpg 300w, https:\/\/kladower-forum.de\/wp-content\/uploads\/2025\/10\/PSX_20251031_080050-1024x602.jpg 1024w, https:\/\/kladower-forum.de\/wp-content\/uploads\/2025\/10\/PSX_20251031_080050-768x452.jpg 768w, https:\/\/kladower-forum.de\/wp-content\/uploads\/2025\/10\/PSX_20251031_080050-100x59.jpg 100w, https:\/\/kladower-forum.de\/wp-content\/uploads\/2025\/10\/PSX_20251031_080050.jpg 1348w\" sizes=\"auto, (max-width: 624px) 100vw, 624px\" \/><\/p>\n<p>v.l.: Andreas Kather (GF Rotkreuz-Institut Kladow), Marlon Otter (Vorsitzenden Sportfreund Kladow e.V.), Christa Foppe (GF Gemeinschaftskrankenhaus Havelh\u00f6he), Frank Bewig (Bezirksb\u00fcrgermeister Spandau), Tanja Franzke (Bezirksstadtr\u00e4tin f\u00fcr Gesundheit), Burkhard Weituschat (Vorsitzender Kladower Forum e.V.), Beate Turczynski (Pflegedienstleitung Gemeinschaftskrankenhaus Havelh\u00f6he), Friedemann Schad (\u00c4rztliche Leitung Gemeinschaftskrankenhaus Havelh\u00f6he), Birgit Malik (Ortsbeiratsvorsitzende Gro\u00df Glienicke)<br \/>\n(Foto: Susanne Deglmann)<\/p>\n","protected":false},"excerpt":{"rendered":"<p>Am 30. Oktober 2025 fand im Saal der Evangelischen Gemeinde Kladow ein Festakt statt. Anla\u00df war das 30j\u00e4hrige Bestehen des Gemeinschaftskrankenhauses Havelh\u00f6he in Kladow. Die Pflegedienstleiterin Beate Turczynski, Stellvertretender \u00c4rztlicher [&hellip;]<\/p>\n","protected":false},"author":8,"featured_media":0,"comment_status":"closed","ping_status":"closed","sticky":false,"template":"","format":"standard","meta":{"_EventAllDay":false,"_EventTimezone":"","_EventStartDate":"","_EventEndDate":"","_EventStartDateUTC":"","_EventEndDateUTC":"","_EventShowMap":false,"_EventShowMapLink":false,"_EventURL":"","_EventCost":"","_EventCostDescription":"","_EventCurrencySymbol":"","_EventCurrencyCode":"","_EventCurrencyPosition":"","_EventDateTimeSeparator":"","_EventTimeRangeSeparator":"","_EventOrganizerID":[],"_EventVenueID":[],"_OrganizerEmail":"","_OrganizerPhone":"","_OrganizerWebsite":"","_VenueAddress":"","_VenueCity":"","_VenueCountry":"","_VenueProvince":"","_VenueState":"","_VenueZip":"","_VenuePhone":"","_VenueURL":"","_VenueStateProvince":"","_VenueLat":"","_VenueLng":"","_VenueShowMap":false,"_VenueShowMapLink":false,"cybocfi_hide_featured_image":"","footnotes":""},"categories":[351],"tags":[],"class_list":["post-16359","post","type-post","status-publish","format-standard","hentry","category-gemeinschaftskrankenhaus-havelhoehe"],"_links":{"self":[{"href":"https:\/\/kladower-forum.de\/index.php?rest_route=\/wp\/v2\/posts\/16359","targetHints":{"allow":["GET"]}}],"collection":[{"href":"https:\/\/kladower-forum.de\/index.php?rest_route=\/wp\/v2\/posts"}],"about":[{"href":"https:\/\/kladower-forum.de\/index.php?rest_route=\/wp\/v2\/types\/post"}],"author":[{"embeddable":true,"href":"https:\/\/kladower-forum.de\/index.php?rest_route=\/wp\/v2\/users\/8"}],"replies":[{"embeddable":true,"href":"https:\/\/kladower-forum.de\/index.php?rest_route=%2Fwp%2Fv2%2Fcomments&post=16359"}],"version-history":[{"count":2,"href":"https:\/\/kladower-forum.de\/index.php?rest_route=\/wp\/v2\/posts\/16359\/revisions"}],"predecessor-version":[{"id":16365,"href":"https:\/\/kladower-forum.de\/index.php?rest_route=\/wp\/v2\/posts\/16359\/revisions\/16365"}],"wp:attachment":[{"href":"https:\/\/kladower-forum.de\/index.php?rest_route=%2Fwp%2Fv2%2Fmedia&parent=16359"}],"wp:term":[{"taxonomy":"category","embeddable":true,"href":"https:\/\/kladower-forum.de\/index.php?rest_route=%2Fwp%2Fv2%2Fcategories&post=16359"},{"taxonomy":"post_tag","embeddable":true,"href":"https:\/\/kladower-forum.de\/index.php?rest_route=%2Fwp%2Fv2%2Ftags&post=16359"}],"curies":[{"name":"wp","href":"https:\/\/api.w.org\/{rel}","templated":true}]}}