{"id":2112,"date":"2017-04-27T21:00:32","date_gmt":"2017-04-27T19:00:32","guid":{"rendered":"https:\/\/kladower-forum.de\/?p=2112"},"modified":"2017-04-27T21:37:26","modified_gmt":"2017-04-27T19:37:26","slug":"newsletter-musik-kladower-konzerte-sonnabend-29-april-19-uhr","status":"publish","type":"post","link":"https:\/\/kladower-forum.de\/?p=2112","title":{"rendered":"Newsletter Musik<br\/> Kladower Konzerte, Sonnabend 29. April 19 Uhr !"},"content":{"rendered":"<p>Liebe Musikfreundinnen und Musikfreunde,<\/p>\n<p>also, bei diesem Wetter wei\u00df man auch nicht richtig, was man nun so oder auch nicht, ob man eher die Sonne oder eher den Hagel liebt \u00a0\u2026.. Retten Sie sich zu unserem Konzert. am Sonnabend Abend. (ja, wir mussten den Beginn von 17 Uhr auf 19 Uhr verlegen!) Da ist es warm, Sie treffen nette Menschen und h\u00f6ren gute Musik, naja, ein Gl\u00e4schen Wein f\u00fcr einen schmalen Thaler gibt&#8217;s ja auch noch. Mehr geht ja kaum, oder? Und das vor der Haust\u00fcr!<\/p>\n<p>Im April besuchen uns n\u00e4mlich wieder die Musiker aus <span data-cmp_parsed_location_name=\"Dresden\" data-cmp_parsed_location_weather=\"K14262000\" data-cmp_parsed_location_other=\"0\" data-ce-class=\"Locations\">Dresden<\/span> und mit dabei ist Rene Bornstein am Kontrabass! Das\u00a0<a href=\"https:\/\/kladower-forum.de\/?tribe_events=jazz-trio\"><strong>Trio \u201e<\/strong><strong>Lammel | Lauer | Bornstein<\/strong><strong>\u201c<\/strong><\/a>\u00a0pr\u00e4sentiert ihre facettenreiche Musik zwischen Jazz und Klassik, mit kleinen Exkursionen Richtung Pop.<!--more--><\/p>\n<p><strong>Sonnabend, <span data-cmp_parsed_date=\"2017-04-29\" data-ce-class=\"Dates\">29. April 2017<\/span>, um 19 Uhr (!) ,<br \/>\nHaus Kladower Forum, Kladower Damm 387<\/strong><\/p>\n<p>Das Sch\u00f6ne bei diesem Trio ist, wie sich hier drei sehr unterschiedlichen Musiker, deren pers\u00f6nliche Geschichte und musikalischen Vorlieben erkennbar sind, gegenseitig bereichern. Und wenn man diesen fr\u00f6hlichen drei musikalischen Genies bei der Entwicklung ihrer Ideen zuh\u00f6rt, ja das hat man nicht oft.<\/p>\n<p>Ihre Preise (Europ\u00e4ischen Nachwuchs-Jazzpreis <span data-cmp_parsed_location_name=\"Burghausen\" data-cmp_parsed_location_weather=\"K09171112\" data-cmp_parsed_location_other=\"0\" data-ce-class=\"Locations\">Burghausen<\/span>; Krokus Jazzpreis Jelenia Gora; Internationaler Jazzpreis Avignon; AES Conventions in Paris) werden sich die drei schon ordentlich verdient haben! Und f\u00fcr den Edel-Preis, den EchoJazz 2017 sind sie auch nominiert<\/p>\n<p>Das schreibt die Zeitschrift Jazz-Podium: \u201eDas ist hohe Piano-Trio-Kunst, die auch den internationalen Vergleich nicht zu scheuen braucht.\u201c<\/p>\n<p>Dagegen haben wir hier in Kladow nichts einzuwenden! Andreas Lammel am Piano, Ren\u00e9 Bornstein am Kontrabass und Florian Lauer am Schlagzeug.<\/p>\n<p>Wir sehen uns!<\/p>\n<p>Der Eintritt ist frei, um Ihre Spende bitten wir nat\u00fcrlich!<\/p>\n<p>Mit besten Gr\u00fc\u00dfen<br \/>\nBurkhard Weituschat<\/p>\n<p><strong>Und sonst noch?<\/strong><\/p>\n<ul>\n<li>Freitag, <span data-cmp_parsed_date=\"2020-05-05\" data-ce-class=\"Dates\">05. Mai 20<\/span> Uhr,\u00a0die\u00a0<strong>JazzJamSession im Kladower <span data-cmp_parsed_location_name=\"Hof\" data-cmp_parsed_location_weather=\"K09464000\" data-cmp_parsed_location_other=\"1\" data-ce-class=\"Locations\">Hof<\/span><\/strong>, Sakrower Landstra\u00dfe 14, f\u00fcr Musiker, Mitspieler und Begeisterte. Eintritt frei. Kontakt:\u00a0Corinna Reich &lt;<a href=\"https:\/\/email.t-online.de\/em\/html\/mailreadview\/getmsg?m=11366248873700610&amp;f=INBOX&amp;pmtpt=html%2Cplain&amp;mtpp=html&amp;ec=1#\">corinnareich@hotmail.de<\/a>&gt;, Reservierung m\u00f6glich 365 5353<\/li>\n<li>Sonnabend, <span data-cmp_parsed_date=\"2017-05-06\" data-ce-class=\"Dates\">06. Mai<\/span>, 16 Uhr, <strong>Salon B<\/strong> bei Cordula <span data-cmp_parsed_location_name=\"Benndorf\" data-cmp_parsed_location_weather=\"K15260009\" data-cmp_parsed_location_other=\"0\" data-ce-class=\"Locations\">Benndorf<\/span>: Shades of Greece mit Marc Alexey (voc, git) und Daiman Stringares (Voc, piano), Braumannweg 7A, Anmeldung: <span data-cmp_parsed_phone=\"+491725905411\" data-ce-class=\"Phones\">0172 5905411<\/span> oder <a href=\"https:\/\/email.t-online.de\/em\/html\/mailreadview\/getmsg?m=11366248873700610&amp;f=INBOX&amp;pmtpt=html%2Cplain&amp;mtpp=html&amp;ec=1#\">c.benndorf@yahoo.de<\/a><\/li>\n<li>Sonntag, <span data-cmp_parsed_date=\"2017-05-07\" data-ce-class=\"Dates\">07. Mai<\/span>,\u00a011 bis 12 Uhr,\u00a0<strong>Gemeinschaftskrankenhaus Havelh\u00f6he<\/strong>, Herzschule: Naturbilder in der klassischen Musik, gespielt von Idil Ugur (Klavier) mit Werken von Grieg, Debussy, Sinding, Ravel, Liszt<\/li>\n<\/ul>\n<p>P.S.: wir machen keine Vorbestellungen und Reservierungen,<\/p>\n<ul>\n<li>einfach kommen und genie\u00dfen,<\/li>\n<li>wir verkaufen keine Karten, deswegen gibt es auch keine Platzkarten,<\/li>\n<li>wir nehmen keinen Eintritt, aber Spenden (nur damit geht&#8217;s) f\u00fcr unseren Verein Kladower Forum\u00a0nehmen wir nat\u00fcrlich gern!!<\/li>\n<\/ul>\n<h6>Newsletter abonnieren:<\/h6>\n<p>Wenn Sie diese Information regelm\u00e4\u00dfig per E-Mail erhalten m\u00f6chten sendei Sie eine Mail an\u00a0Burghard Weituschat\u00a0Mail:<a href=\"mailto:mail@weiconsult.de\"> mail@weiconsult.de<\/a><br \/>\nWen Sie \u00a0diese Mitteilungen nicht mehr erhalten m\u00f6chten, bitte kurze<br \/>\nMitteilung, z.B. &#8222;STOP&#8220; und die Adresse wird sofort gestrichen.<\/p>\n","protected":false},"excerpt":{"rendered":"<p>Liebe Musikfreundinnen und Musikfreunde, also, bei diesem Wetter wei\u00df man auch nicht richtig, was man nun so oder auch nicht, ob man eher die Sonne oder eher den Hagel liebt [&hellip;]<\/p>\n","protected":false},"author":4,"featured_media":0,"comment_status":"closed","ping_status":"closed","sticky":false,"template":"","format":"standard","meta":{"_EventAllDay":false,"_EventTimezone":"","_EventStartDate":"","_EventEndDate":"","_EventStartDateUTC":"","_EventEndDateUTC":"","_EventShowMap":false,"_EventShowMapLink":false,"_EventURL":"","_EventCost":"","_EventCostDescription":"","_EventCurrencySymbol":"","_EventCurrencyCode":"","_EventCurrencyPosition":"","_EventDateTimeSeparator":"","_EventTimeRangeSeparator":"","_EventOrganizerID":[],"_EventVenueID":[],"_OrganizerEmail":"","_OrganizerPhone":"","_OrganizerWebsite":"","_VenueAddress":"","_VenueCity":"","_VenueCountry":"","_VenueProvince":"","_VenueState":"","_VenueZip":"","_VenuePhone":"","_VenueURL":"","_VenueStateProvince":"","_VenueLat":"","_VenueLng":"","_VenueShowMap":false,"_VenueShowMapLink":false,"cybocfi_hide_featured_image":"","footnotes":""},"categories":[119],"tags":[50,136,86,43],"class_list":["post-2112","post","type-post","status-publish","format-standard","hentry","category-werkstatt-musik","tag-haus-kladower-forum","tag-kladower-hof","tag-konzert","tag-musik"],"_links":{"self":[{"href":"https:\/\/kladower-forum.de\/index.php?rest_route=\/wp\/v2\/posts\/2112","targetHints":{"allow":["GET"]}}],"collection":[{"href":"https:\/\/kladower-forum.de\/index.php?rest_route=\/wp\/v2\/posts"}],"about":[{"href":"https:\/\/kladower-forum.de\/index.php?rest_route=\/wp\/v2\/types\/post"}],"author":[{"embeddable":true,"href":"https:\/\/kladower-forum.de\/index.php?rest_route=\/wp\/v2\/users\/4"}],"replies":[{"embeddable":true,"href":"https:\/\/kladower-forum.de\/index.php?rest_route=%2Fwp%2Fv2%2Fcomments&post=2112"}],"version-history":[{"count":2,"href":"https:\/\/kladower-forum.de\/index.php?rest_route=\/wp\/v2\/posts\/2112\/revisions"}],"predecessor-version":[{"id":2115,"href":"https:\/\/kladower-forum.de\/index.php?rest_route=\/wp\/v2\/posts\/2112\/revisions\/2115"}],"wp:attachment":[{"href":"https:\/\/kladower-forum.de\/index.php?rest_route=%2Fwp%2Fv2%2Fmedia&parent=2112"}],"wp:term":[{"taxonomy":"category","embeddable":true,"href":"https:\/\/kladower-forum.de\/index.php?rest_route=%2Fwp%2Fv2%2Fcategories&post=2112"},{"taxonomy":"post_tag","embeddable":true,"href":"https:\/\/kladower-forum.de\/index.php?rest_route=%2Fwp%2Fv2%2Ftags&post=2112"}],"curies":[{"name":"wp","href":"https:\/\/api.w.org\/{rel}","templated":true}]}}