{"id":2597,"date":"2017-08-12T09:25:44","date_gmt":"2017-08-12T07:25:44","guid":{"rendered":"https:\/\/kladower-forum.de\/?p=2597"},"modified":"2017-08-12T09:25:44","modified_gmt":"2017-08-12T07:25:44","slug":"newsletter-musikkonzert-sonnabend-19-august-2017-17-uhr-eine-reise-durch-den-orient","status":"publish","type":"post","link":"https:\/\/kladower-forum.de\/?p=2597","title":{"rendered":"Newsletter Musik<br\/>Konzert Sonnabend 19. August 2017, 17 Uhr: Eine Reise durch den Orient"},"content":{"rendered":"<p>Liebe Musikfreundinnen und Musikfreunde,<\/p>\n<p>wir machen jetzt eine Reise, eine gro\u00dfe Reise: <strong>Eine Reise durch den Orient<\/strong>!<\/p>\n<p><strong>Sonnabend, den 19. August 2017, 17 Uhr\u00a0<\/strong>im<strong>\u00a0Kulturgarten Dr. Max Fr\u00e4nkel, L\u00fcdickeweg 1, 14089 Berlin<\/strong><strong>\u00a0<\/strong><!--more--><\/p>\n<p><strong>Wassim Mukdad<\/strong> spielt mit seinen Freunden Musik aus dem Orient. Und da es eine Reise ist, gibt es Musik aus mehreren Orten rund um das Mittelmeer. Und weil es eine Reise ist, gibt es nat\u00fcrlich auch etwas zu erz\u00e4hlen: \u00fcber die Musik, die alten und jungen Texte, die Kultur \u2026.<\/p>\n<p>Wir werden es h\u00f6ren. <strong>Wassim Mukdad<\/strong> spielt<strong>\u00a0<\/strong>die<strong> Oud<\/strong> (die arabische Laute)<strong>, Berivan Ahmad <\/strong>bringt die <strong>riqq<\/strong>\u00a0(ein Schellentambourin) und <strong>Dima Daoud<\/strong> bringt ihr <strong>Qanoun<\/strong> (in Bayern w\u00fcrde man vielleicht Zither sagen, aber dann dann doch anders). Und gesungen wird vielleicht auch noch.<\/p>\n<p>Wassim Mukdad arbeitet auch im Rahmen von musikalischen Projekten mit traumatisierten Kindern. Er engagiert sich im Education-Programms der Berliner Philharmoniker und spielt derzeit in der Komischen Oper, verschiedenen Musikprojekten wie dem Berliner &#8220;Babylon Orchestra&#8220;, einem Ensemble f\u00fcr neue orientalische Musik, das arabische und europ\u00e4ische Musik miteinander verbindet.<\/p>\n<p>Also: nicht verpassen!<\/p>\n<p>Wer den Garten und das Sommercafe noch nicht kennt, hier ist er: \u00a0<a href=\"http:\/\/www.sommercafe-kladow.de\">http:\/\/www.sommercafe-kladow.de<\/a><\/p>\n<p>Wir sehen uns!<\/p>\n<p>Der Eintritt ist frei, um Ihre Spende bitten wir nat\u00fcrlich!<\/p>\n<p>Mit besten Gr\u00fc\u00dfen<\/p>\n<p>Burkhard Weituschat<\/p>\n<h3><strong>Und sonst noch?<\/strong><\/h3>\n<ul>\n<li>Sonnabend 12. August 19 Uhr,\u00a0<strong>Sommercafe\u00a0Landhausgarten Dr. Fr\u00e4nkel<\/strong>, L\u00fcdickeweg 1: Simon\u00a0<b><strong>Theisen Trio &#8211; Blue &amp; Green &#8211; akustische Popmusik der letzten 100 Jahre,\u00a0<\/strong><\/b>Simon Theisen: Keyboard, Gesang,\u00a0Daniel Franke: Tenorsaxophon, Querfl\u00f6te, Klarinette,\u00a0Martin Fischer: Schlagzeug, Percussion. Eintritt 10 EUR\/7EUR, weitere Informationen:\u00a0<a href=\"http:\/\/www.facebook.com\/events\/821236831366452\">www.facebook.com\/events\/821236831366452<\/a>, Reservierungen:\u00a0<a href=\"mailto:kontakt@simon-theisen.de\">kontakt@simon-theisen.de<\/a><\/li>\n<li>Sonntag, 20. August,\u00a011 bis 12 Uhr,\u00a0<strong>Gemeinschaftskrankenhaus Havelh\u00f6he<\/strong>, Haus 28,\u00a0\u00a0\u00a0PlankTon \u2013 Said Anzali (Tombak) + Dirk Ahlborn (Klarinette, Saxophon) + Tiany Daza (Schlitztrommel)<\/li>\n<li>Freitag, 01. September, 20 Uhr,\u00a0die\u00a0<strong>JazzJamSession im Kladower Hof<\/strong>, Sakrower Landstra\u00dfe 14, f\u00fcr Musiker, Mitspieler und Begeisterte. Eintritt frei. Kontakt:\u00a0Corinna Reich &lt;<a href=\"mailto:corinnareich@hotmail.de\">corinnareich@hotmail.de<\/a>&gt;,\u00a0Reservierung m\u00f6glich 365 5353<\/li>\n<li>Sonntag, 03. September,\u00a011 bis 12 Uhr,\u00a0 <strong>Gemeinschaftskrankenhaus Havelh\u00f6he<\/strong>, Haus 28, Wenn die S\u00e4ge s\u00e4gt und der Fl\u00fcgel klingt &#8211; Olga Skkrygunova (Fl\u00fcgel) und Katharina Micada (singende S\u00e4ge und Sopran)<\/li>\n<li>Sonntag, 03. September,\u00a015 Uhr,\u00a0<strong>Sommercafe\u00a0Landhausgarten Dr. Fr\u00e4nkel<\/strong>, L\u00fcdickeweg 1: &#8222;Auch der Herbst hat seine guten Seiten&#8220;, Uwe Pfauder liest u.a. Ringelnatz, Kishon, Ehrhardt<\/li>\n<li>Sonnabend,\u00a009. September,\u00a018 Uhr\u00a0<strong>Kirche\u00a0<\/strong><strong>Gatow<\/strong>,\u00a0Konzert Susato-Ensemble<\/li>\n<li>Sonnabend,\u00a009. September, 16 Uhr,\u00a0<strong>Salon B<\/strong>\u00a0bei Cordula Benndorf: Martin Kusch liest u.a. Siegfried Lenz, Braumannweg 7A, Anmeldung: 0172 5905411 oder\u00a0<a href=\"mailto:c.benndorf@yahoo.de\">c.benndorf@yahoo.de<\/a><\/li>\n<\/ul>\n","protected":false},"excerpt":{"rendered":"<p>Liebe Musikfreundinnen und Musikfreunde, wir machen jetzt eine Reise, eine gro\u00dfe Reise: Eine Reise durch den Orient! Sonnabend, den 19. August 2017, 17 Uhr\u00a0im\u00a0Kulturgarten Dr. Max Fr\u00e4nkel, L\u00fcdickeweg 1, 14089 [&hellip;]<\/p>\n","protected":false},"author":4,"featured_media":2066,"comment_status":"closed","ping_status":"closed","sticky":false,"template":"","format":"standard","meta":{"_EventAllDay":false,"_EventTimezone":"","_EventStartDate":"","_EventEndDate":"","_EventStartDateUTC":"","_EventEndDateUTC":"","_EventShowMap":false,"_EventShowMapLink":false,"_EventURL":"","_EventCost":"","_EventCostDescription":"","_EventCurrencySymbol":"","_EventCurrencyCode":"","_EventCurrencyPosition":"","_EventDateTimeSeparator":"","_EventTimeRangeSeparator":"","_EventOrganizerID":[],"_EventVenueID":[],"_OrganizerEmail":"","_OrganizerPhone":"","_OrganizerWebsite":"","_VenueAddress":"","_VenueCity":"","_VenueCountry":"","_VenueProvince":"","_VenueState":"","_VenueZip":"","_VenuePhone":"","_VenueURL":"","_VenueStateProvince":"","_VenueLat":"","_VenueLng":"","_VenueShowMap":false,"_VenueShowMapLink":false,"cybocfi_hide_featured_image":"","footnotes":""},"categories":[119],"tags":[118,43,206],"class_list":["post-2597","post","type-post","status-publish","format-standard","has-post-thumbnail","hentry","category-werkstatt-musik","tag-kladower-forum","tag-musik","tag-newsletter-musik"],"_links":{"self":[{"href":"https:\/\/kladower-forum.de\/index.php?rest_route=\/wp\/v2\/posts\/2597","targetHints":{"allow":["GET"]}}],"collection":[{"href":"https:\/\/kladower-forum.de\/index.php?rest_route=\/wp\/v2\/posts"}],"about":[{"href":"https:\/\/kladower-forum.de\/index.php?rest_route=\/wp\/v2\/types\/post"}],"author":[{"embeddable":true,"href":"https:\/\/kladower-forum.de\/index.php?rest_route=\/wp\/v2\/users\/4"}],"replies":[{"embeddable":true,"href":"https:\/\/kladower-forum.de\/index.php?rest_route=%2Fwp%2Fv2%2Fcomments&post=2597"}],"version-history":[{"count":1,"href":"https:\/\/kladower-forum.de\/index.php?rest_route=\/wp\/v2\/posts\/2597\/revisions"}],"predecessor-version":[{"id":2598,"href":"https:\/\/kladower-forum.de\/index.php?rest_route=\/wp\/v2\/posts\/2597\/revisions\/2598"}],"wp:featuredmedia":[{"embeddable":true,"href":"https:\/\/kladower-forum.de\/index.php?rest_route=\/wp\/v2\/media\/2066"}],"wp:attachment":[{"href":"https:\/\/kladower-forum.de\/index.php?rest_route=%2Fwp%2Fv2%2Fmedia&parent=2597"}],"wp:term":[{"taxonomy":"category","embeddable":true,"href":"https:\/\/kladower-forum.de\/index.php?rest_route=%2Fwp%2Fv2%2Fcategories&post=2597"},{"taxonomy":"post_tag","embeddable":true,"href":"https:\/\/kladower-forum.de\/index.php?rest_route=%2Fwp%2Fv2%2Ftags&post=2597"}],"curies":[{"name":"wp","href":"https:\/\/api.w.org\/{rel}","templated":true}]}}