{"id":2935,"date":"2017-12-11T22:24:47","date_gmt":"2017-12-11T21:24:47","guid":{"rendered":"https:\/\/kladower-forum.de\/?p=2935"},"modified":"2018-01-04T16:41:45","modified_gmt":"2018-01-04T15:41:45","slug":"newsletter-musikkonzert-oktopuzzle-die-junge-generation-der-berliner-jazzmusiker","status":"publish","type":"post","link":"https:\/\/kladower-forum.de\/?p=2935","title":{"rendered":"Newsletter Musik<br\/>Konzert: Oktopuzzle, die junge Generation der Berliner Jazzmusiker in Kladow"},"content":{"rendered":"<p style=\"font-weight: 400;\">Liebe Musikfreundinnen und Musikfreunde,<\/p>\n<p>den\u00a0Kladower Christkindlmarkt haben Sie bestimmt genossen und Sie sitzen wieder aufgew\u00e4rmt hinterm warmen Ofen. F\u00fcr den kommenden Sonnabend empfehle ich einen w\u00e4rmeren Ort als den Imchenplatz:<\/p>\n<p><strong>Sonnabend,\u00a0<span data-cmp_parsed_date=\"2017-12-16\" data-ce-class=\"Dates\">16. Dezember 2017<\/span>\u00a0um 17.30 (!) Uhr im Haus Kladower Forum &#8211;\u00a0<span data-cmp_parsed_address_street=\"Kladower Damm 387&amp;nbsp\" data-cmp_parsed_address_zip=\"14089\" data-cmp_parsed_address_city=\"Berlin\" data-ce-class=\"Addresses\">Kladower Damm 387\u00a0<\/span>\u00a0<span data-cmp_parsed_address_street=\"Kladower Damm 387&amp;nbsp\" data-cmp_parsed_address_zip=\"14089\" data-cmp_parsed_address_city=\"Berlin\" data-ce-class=\"Addresses\">14089 Berlin<\/span><\/strong><\/p>\n<p><strong>Oktopuzzle<\/strong>, die junge Generation der Berliner Jazzmusiker, unter der Leitung des Bassisten und Komponisten Horst Nonnenmacher.\u00a0<!--more--><\/p>\n<p>Diese jungen Musiker haben vielen &#8222;alten Hasen&#8220; etwas voraus: Die unb\u00e4ndige Lust am Musizieren, Mut zum Risiko, Spielfreude, Esprit und jede Menge &#8222;Saft&#8220;.<\/p>\n<p>Die Gruppe spielt ein Repertoire aus Titeln von Horst Nonnenmacher, Hannes Zerbe, Charles Mingus, Wayne Shorter und Eigenkompositionen der Bandmitglieder.<\/p>\n<p>Dabei sind:\u00a0<strong>Tobi Zerbe,<\/strong>\u00a0Trompete;\u00a0<strong>Andres Reifgerst,<\/strong>\u00a0Saxophon;\u00a0<strong>Julius Hopf,<\/strong>\u00a0Posaune;\u00a0<strong>Jan Lukas Rossm\u00fcller,<\/strong>\u00a0Piano;<strong>\u00a0<\/strong><strong>Horst Nonnenmacher,<\/strong>\u00a0Bandleader<strong>,<\/strong>\u00a0Kontrabass.<\/p>\n<p>Das Konzept: Energie, Spa\u00df, Spannung. Das reicht uns erstmal v\u00f6llig aus! Und f\u00fcr alle F\u00e4lle: ich bring Gl\u00fchwein mit.<\/p>\n<p>Wir sehen uns!\u00a0Der Eintritt ist frei, um Ihre Spende bitten wir nat\u00fcrlich!<br \/>\nMit besten Gr\u00fc\u00dfen<\/p>\n<p><span style=\"color: #0000ff;\"><em>Burkhard Weituschat<\/em><\/span><\/p>\n<p><strong>Und sonst noch?<\/strong><\/p>\n<ul>\n<li>Sonntag,\u00a0<span data-cmp_parsed_date=\"2017-12-17\" data-ce-class=\"Dates\">17. Dezember<\/span>,\u00a011 bis 12 Uhr,\u00a0<strong>Gemeinschaftskrankenhaus Havelh\u00f6he<\/strong>, Haus 28,\u00a0Bulgarischer orthodoxer Chor\u00a0<span data-cmp_parsed_location_name=\"Berlin\" data-cmp_parsed_location_weather=\"K11000000\" data-cmp_parsed_location_other=\"0\" data-ce-class=\"Locations\">Berlin<\/span>\u00a0mit Boryana Cerreti-Velichkova (Dirigentin) und u.a. Eberhard Vorbrodt und Margarita Todorov<\/li>\n<li>Sonntag,\u00a0<span data-cmp_parsed_date=\"2017-12-31\" data-ce-class=\"Dates\">31. Dezember<\/span>,\u00a017 Uhr Dorfk<strong>irche\u00a0<\/strong><strong>Gatow<\/strong>, musikalische Andacht: Corinna Reich (Gesang, Piano), Tanja Becker (Posaune), Charlotte Joerges (Saxophon), Philipp von Trott zu Solz (Trompete), Burkhard Weituschat (Kontrabass)<\/li>\n<li>Freitag,\u00a0<span data-cmp_parsed_date=\"2020-01-05\" data-ce-class=\"Dates\">05. Januar 20<\/span>\u00a0Uhr,\u00a0die\u00a0<strong>JazzJamSession im Kladower\u00a0<span data-cmp_parsed_location_name=\"Hof\" data-cmp_parsed_location_weather=\"K09464000\" data-cmp_parsed_location_other=\"1\" data-ce-class=\"Locations\">Hof<\/span><\/strong>, Sakrower Landstra\u00dfe 14, f\u00fcr Musiker, Mitspieler und Begeisterte. Gastmusiker: Gregoire Peters (Saxophon) Eintritt frei. Kontakt:\u00a0Corinna Reich &lt;<a href=\"mailto:corinnareich@hotmail.de\" target=\"_blank\" rel=\"noopener\">corinnareich@hotmail.de<\/a>&gt;,\u00a0Reservierung m\u00f6glich 365 5353<\/li>\n<\/ul>\n<p>Weitere Veranstaltungen finden Sie auf der\u00a0<strong>Website des Kladower Forum<\/strong>\u00a0(<a href=\"http:\/\/kladower-forum.de\/\">kladower-forum.de<\/a>). Wenn Sie dort eine Veranstaltung einstellen m\u00f6chten, wenden Sie sich an\u00a0Manfred Reusch &lt;m.reusch@kladower-forum.de&gt;.\u00a0Einmal im Monat erstellen wir eine Linkliste zu aktuellen Nachrichten \u00fcber unsere Region in der Presse.\u00a0Die &#8222;Treffpunkte&#8220; stehen ab dem \u00a0Erscheinungstag als pdf-Datei bereit.<\/p>\n<p>p.s.: wir machen keine Vorbestellungen und Reservierungen,<\/p>\n<ul>\n<li>einfach kommen und genie\u00dfen,<\/li>\n<li>wir verkaufen keine Karten, deswegen gibt es auch keine Platzkarten,<\/li>\n<li>wir nehmen keinen Eintritt, aber Spenden (nur damit geht&#8217;s) f\u00fcr unseren Verein Kladower Forum\u00a0nehmen wir nat\u00fcrlich gern!!<\/li>\n<\/ul>\n<h6>Newsletter abonnieren:<\/h6>\n<p>Wenn Sie diese Information regelm\u00e4\u00dfig per E-Mail erhalten m\u00f6chten senden Sie eine Mail an\u00a0Burghard Weituschat\u00a0Mail:<a href=\"mailto:mail@weiconsult.de\">\u00a0mail@weiconsult.de<\/a><\/p>\n<p>wer diese Mitteilungen nicht mehr erhalten m\u00f6chte, bitte kurze\u00a0Mitteilung, z.B. &#8222;STOP&#8220; und die Adresse wird sofort gestrichen,.<\/p>\n<p>Wer eine\u00a0Empfehlung hat, wem diese Mitteilungen ebenfalls zugesandt werden sollten,\u00a0wer noch interessiert sein k\u00f6nnte, bitte kurze Mitteilung, die Adresse wird\u00a0sofort aufgenommen.<\/p>\n","protected":false},"excerpt":{"rendered":"<p>Liebe Musikfreundinnen und Musikfreunde, den\u00a0Kladower Christkindlmarkt haben Sie bestimmt genossen und Sie sitzen wieder aufgew\u00e4rmt hinterm warmen Ofen. F\u00fcr den kommenden Sonnabend empfehle ich einen w\u00e4rmeren Ort als den Imchenplatz: [&hellip;]<\/p>\n","protected":false},"author":4,"featured_media":2422,"comment_status":"closed","ping_status":"closed","sticky":false,"template":"","format":"standard","meta":{"_EventAllDay":false,"_EventTimezone":"","_EventStartDate":"","_EventEndDate":"","_EventStartDateUTC":"","_EventEndDateUTC":"","_EventShowMap":false,"_EventShowMapLink":false,"_EventURL":"","_EventCost":"","_EventCostDescription":"","_EventCurrencySymbol":"","_EventCurrencyCode":"","_EventCurrencyPosition":"","_EventDateTimeSeparator":"","_EventTimeRangeSeparator":"","_EventOrganizerID":[],"_EventVenueID":[],"_OrganizerEmail":"","_OrganizerPhone":"","_OrganizerWebsite":"","_VenueAddress":"","_VenueCity":"","_VenueCountry":"","_VenueProvince":"","_VenueState":"","_VenueZip":"","_VenuePhone":"","_VenueURL":"","_VenueStateProvince":"","_VenueLat":"","_VenueLng":"","_VenueShowMap":false,"_VenueShowMapLink":false,"cybocfi_hide_featured_image":"","footnotes":""},"categories":[119],"tags":[57,118,43],"class_list":["post-2935","post","type-post","status-publish","format-standard","has-post-thumbnail","hentry","category-werkstatt-musik","tag-jazz","tag-kladower-forum","tag-musik"],"_links":{"self":[{"href":"https:\/\/kladower-forum.de\/index.php?rest_route=\/wp\/v2\/posts\/2935","targetHints":{"allow":["GET"]}}],"collection":[{"href":"https:\/\/kladower-forum.de\/index.php?rest_route=\/wp\/v2\/posts"}],"about":[{"href":"https:\/\/kladower-forum.de\/index.php?rest_route=\/wp\/v2\/types\/post"}],"author":[{"embeddable":true,"href":"https:\/\/kladower-forum.de\/index.php?rest_route=\/wp\/v2\/users\/4"}],"replies":[{"embeddable":true,"href":"https:\/\/kladower-forum.de\/index.php?rest_route=%2Fwp%2Fv2%2Fcomments&post=2935"}],"version-history":[{"count":4,"href":"https:\/\/kladower-forum.de\/index.php?rest_route=\/wp\/v2\/posts\/2935\/revisions"}],"predecessor-version":[{"id":2939,"href":"https:\/\/kladower-forum.de\/index.php?rest_route=\/wp\/v2\/posts\/2935\/revisions\/2939"}],"wp:featuredmedia":[{"embeddable":true,"href":"https:\/\/kladower-forum.de\/index.php?rest_route=\/wp\/v2\/media\/2422"}],"wp:attachment":[{"href":"https:\/\/kladower-forum.de\/index.php?rest_route=%2Fwp%2Fv2%2Fmedia&parent=2935"}],"wp:term":[{"taxonomy":"category","embeddable":true,"href":"https:\/\/kladower-forum.de\/index.php?rest_route=%2Fwp%2Fv2%2Fcategories&post=2935"},{"taxonomy":"post_tag","embeddable":true,"href":"https:\/\/kladower-forum.de\/index.php?rest_route=%2Fwp%2Fv2%2Ftags&post=2935"}],"curies":[{"name":"wp","href":"https:\/\/api.w.org\/{rel}","templated":true}]}}