{"id":68,"date":"2016-04-20T17:18:20","date_gmt":"2016-04-20T15:18:20","guid":{"rendered":"http:\/\/w344he556.homepage.t-online.de\/word\/?page_id=68"},"modified":"2025-05-12T22:22:32","modified_gmt":"2025-05-12T20:22:32","slug":"arbeitskreis-lust-auf-garten","status":"publish","type":"post","link":"https:\/\/kladower-forum.de\/?p=68","title":{"rendered":"Lust auf Garten"},"content":{"rendered":"<p><a href=\"https:\/\/kladower-forum.de\/wp-content\/uploads\/2025\/05\/20250430_144758-scaled.jpg\"><img loading=\"lazy\" decoding=\"async\" class=\" wp-image-4808 alignleft\" src=\"https:\/\/kladower-forum.de\/wp-content\/uploads\/2025\/05\/20250430_144758-scaled.jpg\" alt=\"\" width=\"282\" height=\"423\" \/><\/a><\/p>\n<p>Den im Jahr 2009 neu gestalteten wundersch\u00f6nen Garten, ganz im Stil eines alten &#8222;Bauerngartens&#8220;, gilt es zu erhalten.<br \/>\nIn Zeiten des Klimawandels wurden bereits kleinere \u00c4nderungen \/Anpassungen vorgenommen.<br \/>\nHierbei steht der schonende Umgang mit Wasser und ein m\u00f6glichst geringer Pflegeaufwand im Vordergrund. Wobei der Aspekt &#8222;natur und insektenfreundlich&#8220; mehr in den Mittelpunkt ger\u00fcckt ist, anstatt nur &#8222;gr\u00fcnen&#8220; Rasen.<br \/>\nUnser Erscheinungsbild &#8222;Kladower Forum&#8220; erstreckt sich nicht nur auf die F\u00fclle der Veranstaltungen und endet nicht an der Haust\u00fcr.<\/p>\n<p>Auch das \u00e4u\u00dfere Erscheinungsbild Garten und angrenzende Wegungen d\u00fcrfen dabei nicht zu kurz kommen.<br \/>\nEs gibt immer etwas zu tun, u.a. M\u00fcllsammeln, der von der angrenzenden Endhaltestelle bei uns landet&#8230;<br \/>\nSo ist und sollte es uns allen ein besonderes Anliegen sein, das &#8222;Gesicht&#8220; des Hauses Kladower Forum weiter zu erhalten,wie es unserem historischen Geb\u00e4ude entspricht.<br \/>\nSo steht unsere kleine &#8222;gr\u00fcne Oase&#8220; f\u00fcr Veranstaltungen und gem\u00fctliches Beisammensein f\u00fcr alle offen.<br \/>\nDie Arbeitsgruppe &#8222;Lust auf Garten&#8220; freut sich auf jede &#8222;helfende&#8220; Hand&#8220; &#8230;und unsere Gartenbank l\u00e4dt zu kleinen Pausen und Gartenplausch ein.<br \/>\n<strong>TREFF: Jeden 1. Montag im Monat 14-16 Uhr &#8211; auf Absprache vonwegen Wetter und Arbeitsanfall<br \/>\nKONTAKT: Gina Buddrus 030\/365 89 66 &#8212; 0160 1506 179<\/strong><\/p>\n","protected":false},"excerpt":{"rendered":"<p>Den im Jahr 2009 neu gestalteten wundersch\u00f6nen Garten, ganz im Stil eines alten &#8222;Bauerngartens&#8220;, gilt es zu erhalten. In Zeiten des Klimawandels wurden bereits kleinere \u00c4nderungen \/Anpassungen vorgenommen. Hierbei steht [&hellip;]<\/p>\n","protected":false},"author":4,"featured_media":0,"comment_status":"closed","ping_status":"closed","sticky":false,"template":"","format":"standard","meta":{"_EventAllDay":false,"_EventTimezone":"","_EventStartDate":"","_EventEndDate":"","_EventStartDateUTC":"","_EventEndDateUTC":"","_EventShowMap":false,"_EventShowMapLink":false,"_EventURL":"","_EventCost":"","_EventCostDescription":"","_EventCurrencySymbol":"","_EventCurrencyCode":"","_EventCurrencyPosition":"","_EventDateTimeSeparator":"","_EventTimeRangeSeparator":"","_EventOrganizerID":[],"_EventVenueID":[],"_OrganizerEmail":"","_OrganizerPhone":"","_OrganizerWebsite":"","_VenueAddress":"","_VenueCity":"","_VenueCountry":"","_VenueProvince":"","_VenueState":"","_VenueZip":"","_VenuePhone":"","_VenueURL":"","_VenueStateProvince":"","_VenueLat":"","_VenueLng":"","_VenueShowMap":false,"_VenueShowMapLink":false,"cybocfi_hide_featured_image":"","footnotes":""},"categories":[1],"tags":[],"class_list":["post-68","post","type-post","status-publish","format-standard","hentry","category-uncategorized"],"_links":{"self":[{"href":"https:\/\/kladower-forum.de\/index.php?rest_route=\/wp\/v2\/posts\/68","targetHints":{"allow":["GET"]}}],"collection":[{"href":"https:\/\/kladower-forum.de\/index.php?rest_route=\/wp\/v2\/posts"}],"about":[{"href":"https:\/\/kladower-forum.de\/index.php?rest_route=\/wp\/v2\/types\/post"}],"author":[{"embeddable":true,"href":"https:\/\/kladower-forum.de\/index.php?rest_route=\/wp\/v2\/users\/4"}],"replies":[{"embeddable":true,"href":"https:\/\/kladower-forum.de\/index.php?rest_route=%2Fwp%2Fv2%2Fcomments&post=68"}],"version-history":[{"count":16,"href":"https:\/\/kladower-forum.de\/index.php?rest_route=\/wp\/v2\/posts\/68\/revisions"}],"predecessor-version":[{"id":13566,"href":"https:\/\/kladower-forum.de\/index.php?rest_route=\/wp\/v2\/posts\/68\/revisions\/13566"}],"wp:attachment":[{"href":"https:\/\/kladower-forum.de\/index.php?rest_route=%2Fwp%2Fv2%2Fmedia&parent=68"}],"wp:term":[{"taxonomy":"category","embeddable":true,"href":"https:\/\/kladower-forum.de\/index.php?rest_route=%2Fwp%2Fv2%2Fcategories&post=68"},{"taxonomy":"post_tag","embeddable":true,"href":"https:\/\/kladower-forum.de\/index.php?rest_route=%2Fwp%2Fv2%2Ftags&post=68"}],"curies":[{"name":"wp","href":"https:\/\/api.w.org\/{rel}","templated":true}]}}